{"id":2576,"date":"2022-08-18T12:46:41","date_gmt":"2022-08-18T10:46:41","guid":{"rendered":"https:\/\/pulsar1-rwgbe0ribs.live-website.com\/rehapro-projekt-in-wuppertal-gestartet-bergauf-gesundheitsmanagement-fuer-frauen\/"},"modified":"2022-08-18T12:46:41","modified_gmt":"2022-08-18T10:46:41","slug":"rehapro-projekt-in-wuppertal-gestartet-bergauf-gesundheitsmanagement-fuer-frauen","status":"publish","type":"post","link":"https:\/\/pulsarmed.de\/en\/rehapro-projekt-in-wuppertal-gestartet-bergauf-gesundheitsmanagement-fuer-frauen\/","title":{"rendered":"Rehapro-Projekt in Wuppertal gestartet \u2013 bergauf. Gesundheitsmanagement f\u00fcr Frauen"},"content":{"rendered":"<div class=\"fusion-fullwidth fullwidth-box fusion-builder-row-1 fusion-flex-container nonhundred-percent-fullwidth non-hundred-percent-height-scrolling\" style=\"--awb-border-radius-top-left:0px;--awb-border-radius-top-right:0px;--awb-border-radius-bottom-right:0px;--awb-border-radius-bottom-left:0px;--awb-flex-wrap:wrap;\" ><div class=\"fusion-builder-row fusion-row fusion-flex-align-items-flex-start fusion-flex-content-wrap\" style=\"max-width:1456px;margin-left: calc(-4% \/ 2 );margin-right: calc(-4% \/ 2 );\"><div class=\"fusion-layout-column fusion_builder_column fusion-builder-column-0 fusion_builder_column_1_2 1_2 fusion-flex-column\" style=\"--awb-bg-size:cover;--awb-width-large:50%;--awb-margin-top-large:0px;--awb-spacing-right-large:3.84%;--awb-margin-bottom-large:0px;--awb-spacing-left-large:3.84%;--awb-width-medium:50%;--awb-spacing-right-medium:3.84%;--awb-spacing-left-medium:3.84%;--awb-width-small:100%;--awb-spacing-right-small:1.92%;--awb-spacing-left-small:1.92%;\"><div class=\"fusion-column-wrapper fusion-flex-justify-content-flex-start fusion-content-layout-column\"><div class=\"fusion-text fusion-text-1\"><p>Im Rahmen des Bundesprogramms \u201eInnovative Wege zur Teilhabe am Arbeitsleben \u2013 rehapro\u201c nach \u00a7 11 des Neunten Buches Sozialgesetzbuch (SGB) ist am 01.07.2022 in Wuppertal das Projekt bergauf gestartet.<br \/>\nDrei Jobcenter \u2013 Wuppertal, Solingen und Remscheid \u2013 haben sich in einem Verbund zusammengeschlossen, um alleinlebenden Frauen die M\u00f6glichkeit zu geben ihre Gesundheit zu st\u00e4rken.<br \/>\nBei f\u00fcnf Jahren Projektlaufzeit sollen knapp 700 Frauen an den Angeboten teilnehmen.<br \/>\nIn einer ersten Phase, der medizinischen Diagnostik, unterst\u00fctzen die Kolleg:innen der PULSAR Medical Technologies AG mit ihrer medizinischen Expertise. Unser medizinisches Fachpersonal bestehend aus MFA, Psychologinnen und (Arbeits-) medizinern erfasst nicht nur den Gesundheitszustand der Teilnehmerinnen, sondern ber\u00e4t dabei auch \u00fcber weitere medizinische Anbindungen oder anderen Fragen zur gesundheitlichen Stabilisierung \u2013 alles mit dem Ziel der Aktivierung f\u00fcr den Arbeitsmarkt.<br \/>\nAbh\u00e4ngig von der Zuordnung der Teilnehmerinnen in eine Pr\u00e4ventions- oder Rehabilitationsgruppe erfolgt \u00fcber einen Zeitraum von bis zu 36 Monaten die Umsetzung zielgruppengerechter Angebote. Der Jobcenter-Verbund verf\u00fcgt \u00fcber eigene Gesundheitscoaches, die als feste Ansprechpartner, Unterst\u00fctzer und Begleiter f\u00fcr die Teilnehmerinnen da sind.<br \/>\nDie wissenschaftliche Begleitung von bergauf erfolgt \u00fcber das Institut f\u00fcr Berufs- und Weiterbildung der Universit\u00e4t Duisburg-Essen.<br \/>\nHier gibt es noch mehr Infos zum Projekt: <a href=\"https:\/\/www.bergauf-rehapro.de\" target=\"_blank\" rel=\"noopener\">www.bergauf-rehapro.de<\/a><\/p>\n<\/div><\/div><\/div><div class=\"fusion-layout-column fusion_builder_column fusion-builder-column-1 fusion_builder_column_1_2 1_2 fusion-flex-column\" style=\"--awb-bg-size:cover;--awb-width-large:50%;--awb-margin-top-large:0px;--awb-spacing-right-large:3.84%;--awb-margin-bottom-large:0px;--awb-spacing-left-large:3.84%;--awb-width-medium:50%;--awb-spacing-right-medium:3.84%;--awb-spacing-left-medium:3.84%;--awb-width-small:100%;--awb-spacing-right-small:1.92%;--awb-spacing-left-small:1.92%;\"><div class=\"fusion-column-wrapper fusion-flex-justify-content-flex-start fusion-content-layout-column\"><div class=\"fusion-image-element \" style=\"--awb-caption-title-font-family:var(--h2_typography-font-family);--awb-caption-title-font-weight:var(--h2_typography-font-weight);--awb-caption-title-font-style:var(--h2_typography-font-style);--awb-caption-title-size:var(--h2_typography-font-size);--awb-caption-title-transform:var(--h2_typography-text-transform);--awb-caption-title-line-height:var(--h2_typography-line-height);--awb-caption-title-letter-spacing:var(--h2_typography-letter-spacing);\"><span class=\" fusion-imageframe imageframe-none imageframe-1 hover-type-none\"><img decoding=\"async\" width=\"1296\" height=\"734\" alt=\"Three women standing together in an office space with a sign that reads &#039;bergauf&#039;.\" src=\"https:\/\/pulsar1-rwgbe0ribs.live-website.com\/wp-content\/uploads\/2022\/08\/aktuelles-bergauf-pulsarmed.jpg\" class=\"img-responsive wp-image-2242\" srcset=\"https:\/\/pulsarmed.de\/wp-content\/uploads\/2022\/08\/aktuelles-bergauf-pulsarmed-200x113.jpg 200w, https:\/\/pulsarmed.de\/wp-content\/uploads\/2022\/08\/aktuelles-bergauf-pulsarmed-400x227.jpg 400w, https:\/\/pulsarmed.de\/wp-content\/uploads\/2022\/08\/aktuelles-bergauf-pulsarmed-600x340.jpg 600w, https:\/\/pulsarmed.de\/wp-content\/uploads\/2022\/08\/aktuelles-bergauf-pulsarmed-800x453.jpg 800w, https:\/\/pulsarmed.de\/wp-content\/uploads\/2022\/08\/aktuelles-bergauf-pulsarmed-1200x680.jpg 1200w, https:\/\/pulsarmed.de\/wp-content\/uploads\/2022\/08\/aktuelles-bergauf-pulsarmed.jpg 1296w\" sizes=\"(max-width: 999px) 100vw, 800px\" \/><\/span><\/div><\/div><\/div><\/div><\/div>\n","protected":false},"excerpt":{"rendered":"<p>Das neue Projekt bergauf ist im Rahmen des Bundesprogramms \u201eInnovative Wege zur Teilhabe am Arbeitsleben \u2013 rehapro\u201c nach \u00a7 11 des Neunten Buches Sozialgesetzbuch (SGB) am 01.07.2022 in Wuppertal gestartet.<\/p>\n","protected":false},"author":8,"featured_media":2242,"comment_status":"closed","ping_status":"closed","sticky":false,"template":"","format":"standard","meta":{"footnotes":""},"categories":[45],"tags":[],"class_list":["post-2576","post","type-post","status-publish","format-standard","has-post-thumbnail","hentry","category-news"],"yoast_head":"<!-- This site is optimized with the Yoast SEO plugin v27.4 - https:\/\/yoast.com\/product\/yoast-seo-wordpress\/ -->\n<title>Rehapro-Projekt in Wuppertal gestartet \u2013 bergauf. Gesundheitsmanagement f\u00fcr Frauen - PULSAR Medical GmbH<\/title>\n<meta name=\"robots\" content=\"index, follow, max-snippet:-1, max-image-preview:large, max-video-preview:-1\" \/>\n<link rel=\"canonical\" href=\"https:\/\/pulsarmed.de\/en\/rehapro-projekt-in-wuppertal-gestartet-bergauf-gesundheitsmanagement-fuer-frauen\/\" \/>\n<meta property=\"og:locale\" content=\"en_US\" \/>\n<meta property=\"og:type\" content=\"article\" \/>\n<meta property=\"og:title\" content=\"Rehapro-Projekt in Wuppertal gestartet \u2013 bergauf. Gesundheitsmanagement f\u00fcr Frauen - PULSAR Medical GmbH\" \/>\n<meta property=\"og:description\" content=\"Das neue Projekt bergauf ist im Rahmen des Bundesprogramms \u201eInnovative Wege zur Teilhabe am Arbeitsleben \u2013 rehapro\u201c nach \u00a7 11 des Neunten Buches Sozialgesetzbuch (SGB) am 01.07.2022 in Wuppertal gestartet.\" \/>\n<meta property=\"og:url\" content=\"https:\/\/pulsarmed.de\/en\/rehapro-projekt-in-wuppertal-gestartet-bergauf-gesundheitsmanagement-fuer-frauen\/\" \/>\n<meta property=\"og:site_name\" content=\"PULSAR Medical GmbH\" \/>\n<meta property=\"article:published_time\" content=\"2022-08-18T10:46:41+00:00\" \/>\n<meta name=\"author\" content=\"Dr. Sabrina Zolg\" \/>\n<meta name=\"twitter:card\" content=\"summary_large_image\" \/>\n<meta name=\"twitter:label1\" content=\"Written by\" \/>\n\t<meta name=\"twitter:data1\" content=\"Dr. Sabrina Zolg\" \/>\n\t<meta name=\"twitter:label2\" content=\"Est. reading time\" \/>\n\t<meta name=\"twitter:data2\" content=\"4 minutes\" \/>\n<script type=\"application\/ld+json\" class=\"yoast-schema-graph\">{\"@context\":\"https:\\\/\\\/schema.org\",\"@graph\":[{\"@type\":\"Article\",\"@id\":\"https:\\\/\\\/pulsarmed.de\\\/en\\\/rehapro-projekt-in-wuppertal-gestartet-bergauf-gesundheitsmanagement-fuer-frauen\\\/#article\",\"isPartOf\":{\"@id\":\"https:\\\/\\\/pulsarmed.de\\\/en\\\/rehapro-projekt-in-wuppertal-gestartet-bergauf-gesundheitsmanagement-fuer-frauen\\\/\"},\"author\":{\"name\":\"Dr. Sabrina Zolg\",\"@id\":\"https:\\\/\\\/pulsar1-rwgbe0ribs.live-website.com\\\/#\\\/schema\\\/person\\\/23113a985737f9f2a015c1282874d3e0\"},\"headline\":\"Rehapro-Projekt in Wuppertal gestartet \u2013 bergauf. Gesundheitsmanagement f\u00fcr Frauen\",\"datePublished\":\"2022-08-18T10:46:41+00:00\",\"mainEntityOfPage\":{\"@id\":\"https:\\\/\\\/pulsarmed.de\\\/en\\\/rehapro-projekt-in-wuppertal-gestartet-bergauf-gesundheitsmanagement-fuer-frauen\\\/\"},\"wordCount\":754,\"publisher\":{\"@id\":\"https:\\\/\\\/pulsar1-rwgbe0ribs.live-website.com\\\/#organization\"},\"image\":{\"@id\":\"https:\\\/\\\/pulsarmed.de\\\/en\\\/rehapro-projekt-in-wuppertal-gestartet-bergauf-gesundheitsmanagement-fuer-frauen\\\/#primaryimage\"},\"thumbnailUrl\":\"https:\\\/\\\/pulsarmed.de\\\/wp-content\\\/uploads\\\/2022\\\/08\\\/aktuelles-bergauf-pulsarmed.jpg\",\"articleSection\":[\"News\"],\"inLanguage\":\"en-US\"},{\"@type\":\"WebPage\",\"@id\":\"https:\\\/\\\/pulsarmed.de\\\/en\\\/rehapro-projekt-in-wuppertal-gestartet-bergauf-gesundheitsmanagement-fuer-frauen\\\/\",\"url\":\"https:\\\/\\\/pulsarmed.de\\\/en\\\/rehapro-projekt-in-wuppertal-gestartet-bergauf-gesundheitsmanagement-fuer-frauen\\\/\",\"name\":\"Rehapro-Projekt in Wuppertal gestartet \u2013 bergauf. Gesundheitsmanagement f\u00fcr Frauen - PULSAR Medical GmbH\",\"isPartOf\":{\"@id\":\"https:\\\/\\\/pulsar1-rwgbe0ribs.live-website.com\\\/#website\"},\"primaryImageOfPage\":{\"@id\":\"https:\\\/\\\/pulsarmed.de\\\/en\\\/rehapro-projekt-in-wuppertal-gestartet-bergauf-gesundheitsmanagement-fuer-frauen\\\/#primaryimage\"},\"image\":{\"@id\":\"https:\\\/\\\/pulsarmed.de\\\/en\\\/rehapro-projekt-in-wuppertal-gestartet-bergauf-gesundheitsmanagement-fuer-frauen\\\/#primaryimage\"},\"thumbnailUrl\":\"https:\\\/\\\/pulsarmed.de\\\/wp-content\\\/uploads\\\/2022\\\/08\\\/aktuelles-bergauf-pulsarmed.jpg\",\"datePublished\":\"2022-08-18T10:46:41+00:00\",\"breadcrumb\":{\"@id\":\"https:\\\/\\\/pulsarmed.de\\\/en\\\/rehapro-projekt-in-wuppertal-gestartet-bergauf-gesundheitsmanagement-fuer-frauen\\\/#breadcrumb\"},\"inLanguage\":\"en-US\",\"potentialAction\":[{\"@type\":\"ReadAction\",\"target\":[\"https:\\\/\\\/pulsarmed.de\\\/en\\\/rehapro-projekt-in-wuppertal-gestartet-bergauf-gesundheitsmanagement-fuer-frauen\\\/\"]}]},{\"@type\":\"ImageObject\",\"inLanguage\":\"en-US\",\"@id\":\"https:\\\/\\\/pulsarmed.de\\\/en\\\/rehapro-projekt-in-wuppertal-gestartet-bergauf-gesundheitsmanagement-fuer-frauen\\\/#primaryimage\",\"url\":\"https:\\\/\\\/pulsarmed.de\\\/wp-content\\\/uploads\\\/2022\\\/08\\\/aktuelles-bergauf-pulsarmed.jpg\",\"contentUrl\":\"https:\\\/\\\/pulsarmed.de\\\/wp-content\\\/uploads\\\/2022\\\/08\\\/aktuelles-bergauf-pulsarmed.jpg\",\"width\":1296,\"height\":734,\"caption\":\"Three women standing together in an office space with a sign that reads 'bergauf'.\"},{\"@type\":\"BreadcrumbList\",\"@id\":\"https:\\\/\\\/pulsarmed.de\\\/en\\\/rehapro-projekt-in-wuppertal-gestartet-bergauf-gesundheitsmanagement-fuer-frauen\\\/#breadcrumb\",\"itemListElement\":[{\"@type\":\"ListItem\",\"position\":1,\"name\":\"Home\",\"item\":\"https:\\\/\\\/pulsar1-rwgbe0ribs.live-website.com\\\/en\\\/home\\\/\"},{\"@type\":\"ListItem\",\"position\":2,\"name\":\"Rehapro-Projekt in Wuppertal gestartet \u2013 bergauf. Gesundheitsmanagement f\u00fcr Frauen\"}]},{\"@type\":\"WebSite\",\"@id\":\"https:\\\/\\\/pulsar1-rwgbe0ribs.live-website.com\\\/#website\",\"url\":\"https:\\\/\\\/pulsar1-rwgbe0ribs.live-website.com\\\/\",\"name\":\"PULSAR Medical GmbH\",\"description\":\"Gesundheit f\u00fcr ALLE\",\"publisher\":{\"@id\":\"https:\\\/\\\/pulsar1-rwgbe0ribs.live-website.com\\\/#organization\"},\"potentialAction\":[{\"@type\":\"SearchAction\",\"target\":{\"@type\":\"EntryPoint\",\"urlTemplate\":\"https:\\\/\\\/pulsar1-rwgbe0ribs.live-website.com\\\/?s={search_term_string}\"},\"query-input\":{\"@type\":\"PropertyValueSpecification\",\"valueRequired\":true,\"valueName\":\"search_term_string\"}}],\"inLanguage\":\"en-US\"},{\"@type\":\"Organization\",\"@id\":\"https:\\\/\\\/pulsar1-rwgbe0ribs.live-website.com\\\/#organization\",\"name\":\"PULSAR Medical GmbH\",\"url\":\"https:\\\/\\\/pulsar1-rwgbe0ribs.live-website.com\\\/\",\"logo\":{\"@type\":\"ImageObject\",\"inLanguage\":\"en-US\",\"@id\":\"https:\\\/\\\/pulsar1-rwgbe0ribs.live-website.com\\\/#\\\/schema\\\/logo\\\/image\\\/\",\"url\":\"https:\\\/\\\/pulsar1-rwgbe0ribs.live-website.com\\\/wp-content\\\/uploads\\\/2024\\\/04\\\/pulsar-logo-rgb.png\",\"contentUrl\":\"https:\\\/\\\/pulsar1-rwgbe0ribs.live-website.com\\\/wp-content\\\/uploads\\\/2024\\\/04\\\/pulsar-logo-rgb.png\",\"width\":561,\"height\":226,\"caption\":\"PULSAR Medical GmbH\"},\"image\":{\"@id\":\"https:\\\/\\\/pulsar1-rwgbe0ribs.live-website.com\\\/#\\\/schema\\\/logo\\\/image\\\/\"}},{\"@type\":\"Person\",\"@id\":\"https:\\\/\\\/pulsar1-rwgbe0ribs.live-website.com\\\/#\\\/schema\\\/person\\\/23113a985737f9f2a015c1282874d3e0\",\"name\":\"Dr. Sabrina Zolg\"}]}<\/script>\n<!-- \/ Yoast SEO plugin. -->","yoast_head_json":{"title":"Rehapro-Projekt in Wuppertal gestartet \u2013 bergauf. Gesundheitsmanagement f\u00fcr Frauen - PULSAR Medical GmbH","robots":{"index":"index","follow":"follow","max-snippet":"max-snippet:-1","max-image-preview":"max-image-preview:large","max-video-preview":"max-video-preview:-1"},"canonical":"https:\/\/pulsarmed.de\/en\/rehapro-projekt-in-wuppertal-gestartet-bergauf-gesundheitsmanagement-fuer-frauen\/","og_locale":"en_US","og_type":"article","og_title":"Rehapro-Projekt in Wuppertal gestartet \u2013 bergauf. Gesundheitsmanagement f\u00fcr Frauen - PULSAR Medical GmbH","og_description":"Das neue Projekt bergauf ist im Rahmen des Bundesprogramms \u201eInnovative Wege zur Teilhabe am Arbeitsleben \u2013 rehapro\u201c nach \u00a7 11 des Neunten Buches Sozialgesetzbuch (SGB) am 01.07.2022 in Wuppertal gestartet.","og_url":"https:\/\/pulsarmed.de\/en\/rehapro-projekt-in-wuppertal-gestartet-bergauf-gesundheitsmanagement-fuer-frauen\/","og_site_name":"PULSAR Medical GmbH","article_published_time":"2022-08-18T10:46:41+00:00","author":"Dr. Sabrina Zolg","twitter_card":"summary_large_image","twitter_misc":{"Written by":"Dr. Sabrina Zolg","Est. reading time":"4 minutes"},"schema":{"@context":"https:\/\/schema.org","@graph":[{"@type":"Article","@id":"https:\/\/pulsarmed.de\/en\/rehapro-projekt-in-wuppertal-gestartet-bergauf-gesundheitsmanagement-fuer-frauen\/#article","isPartOf":{"@id":"https:\/\/pulsarmed.de\/en\/rehapro-projekt-in-wuppertal-gestartet-bergauf-gesundheitsmanagement-fuer-frauen\/"},"author":{"name":"Dr. Sabrina Zolg","@id":"https:\/\/pulsar1-rwgbe0ribs.live-website.com\/#\/schema\/person\/23113a985737f9f2a015c1282874d3e0"},"headline":"Rehapro-Projekt in Wuppertal gestartet \u2013 bergauf. Gesundheitsmanagement f\u00fcr Frauen","datePublished":"2022-08-18T10:46:41+00:00","mainEntityOfPage":{"@id":"https:\/\/pulsarmed.de\/en\/rehapro-projekt-in-wuppertal-gestartet-bergauf-gesundheitsmanagement-fuer-frauen\/"},"wordCount":754,"publisher":{"@id":"https:\/\/pulsar1-rwgbe0ribs.live-website.com\/#organization"},"image":{"@id":"https:\/\/pulsarmed.de\/en\/rehapro-projekt-in-wuppertal-gestartet-bergauf-gesundheitsmanagement-fuer-frauen\/#primaryimage"},"thumbnailUrl":"https:\/\/pulsarmed.de\/wp-content\/uploads\/2022\/08\/aktuelles-bergauf-pulsarmed.jpg","articleSection":["News"],"inLanguage":"en-US"},{"@type":"WebPage","@id":"https:\/\/pulsarmed.de\/en\/rehapro-projekt-in-wuppertal-gestartet-bergauf-gesundheitsmanagement-fuer-frauen\/","url":"https:\/\/pulsarmed.de\/en\/rehapro-projekt-in-wuppertal-gestartet-bergauf-gesundheitsmanagement-fuer-frauen\/","name":"Rehapro-Projekt in Wuppertal gestartet \u2013 bergauf. Gesundheitsmanagement f\u00fcr Frauen - PULSAR Medical GmbH","isPartOf":{"@id":"https:\/\/pulsar1-rwgbe0ribs.live-website.com\/#website"},"primaryImageOfPage":{"@id":"https:\/\/pulsarmed.de\/en\/rehapro-projekt-in-wuppertal-gestartet-bergauf-gesundheitsmanagement-fuer-frauen\/#primaryimage"},"image":{"@id":"https:\/\/pulsarmed.de\/en\/rehapro-projekt-in-wuppertal-gestartet-bergauf-gesundheitsmanagement-fuer-frauen\/#primaryimage"},"thumbnailUrl":"https:\/\/pulsarmed.de\/wp-content\/uploads\/2022\/08\/aktuelles-bergauf-pulsarmed.jpg","datePublished":"2022-08-18T10:46:41+00:00","breadcrumb":{"@id":"https:\/\/pulsarmed.de\/en\/rehapro-projekt-in-wuppertal-gestartet-bergauf-gesundheitsmanagement-fuer-frauen\/#breadcrumb"},"inLanguage":"en-US","potentialAction":[{"@type":"ReadAction","target":["https:\/\/pulsarmed.de\/en\/rehapro-projekt-in-wuppertal-gestartet-bergauf-gesundheitsmanagement-fuer-frauen\/"]}]},{"@type":"ImageObject","inLanguage":"en-US","@id":"https:\/\/pulsarmed.de\/en\/rehapro-projekt-in-wuppertal-gestartet-bergauf-gesundheitsmanagement-fuer-frauen\/#primaryimage","url":"https:\/\/pulsarmed.de\/wp-content\/uploads\/2022\/08\/aktuelles-bergauf-pulsarmed.jpg","contentUrl":"https:\/\/pulsarmed.de\/wp-content\/uploads\/2022\/08\/aktuelles-bergauf-pulsarmed.jpg","width":1296,"height":734,"caption":"Three women standing together in an office space with a sign that reads 'bergauf'."},{"@type":"BreadcrumbList","@id":"https:\/\/pulsarmed.de\/en\/rehapro-projekt-in-wuppertal-gestartet-bergauf-gesundheitsmanagement-fuer-frauen\/#breadcrumb","itemListElement":[{"@type":"ListItem","position":1,"name":"Home","item":"https:\/\/pulsar1-rwgbe0ribs.live-website.com\/en\/home\/"},{"@type":"ListItem","position":2,"name":"Rehapro-Projekt in Wuppertal gestartet \u2013 bergauf. Gesundheitsmanagement f\u00fcr Frauen"}]},{"@type":"WebSite","@id":"https:\/\/pulsar1-rwgbe0ribs.live-website.com\/#website","url":"https:\/\/pulsar1-rwgbe0ribs.live-website.com\/","name":"PULSAR Medical GmbH","description":"Gesundheit f\u00fcr ALLE","publisher":{"@id":"https:\/\/pulsar1-rwgbe0ribs.live-website.com\/#organization"},"potentialAction":[{"@type":"SearchAction","target":{"@type":"EntryPoint","urlTemplate":"https:\/\/pulsar1-rwgbe0ribs.live-website.com\/?s={search_term_string}"},"query-input":{"@type":"PropertyValueSpecification","valueRequired":true,"valueName":"search_term_string"}}],"inLanguage":"en-US"},{"@type":"Organization","@id":"https:\/\/pulsar1-rwgbe0ribs.live-website.com\/#organization","name":"PULSAR Medical GmbH","url":"https:\/\/pulsar1-rwgbe0ribs.live-website.com\/","logo":{"@type":"ImageObject","inLanguage":"en-US","@id":"https:\/\/pulsar1-rwgbe0ribs.live-website.com\/#\/schema\/logo\/image\/","url":"https:\/\/pulsar1-rwgbe0ribs.live-website.com\/wp-content\/uploads\/2024\/04\/pulsar-logo-rgb.png","contentUrl":"https:\/\/pulsar1-rwgbe0ribs.live-website.com\/wp-content\/uploads\/2024\/04\/pulsar-logo-rgb.png","width":561,"height":226,"caption":"PULSAR Medical GmbH"},"image":{"@id":"https:\/\/pulsar1-rwgbe0ribs.live-website.com\/#\/schema\/logo\/image\/"}},{"@type":"Person","@id":"https:\/\/pulsar1-rwgbe0ribs.live-website.com\/#\/schema\/person\/23113a985737f9f2a015c1282874d3e0","name":"Dr. Sabrina Zolg"}]}},"_links":{"self":[{"href":"https:\/\/pulsarmed.de\/en\/wp-json\/wp\/v2\/posts\/2576","targetHints":{"allow":["GET"]}}],"collection":[{"href":"https:\/\/pulsarmed.de\/en\/wp-json\/wp\/v2\/posts"}],"about":[{"href":"https:\/\/pulsarmed.de\/en\/wp-json\/wp\/v2\/types\/post"}],"author":[{"embeddable":true,"href":"https:\/\/pulsarmed.de\/en\/wp-json\/wp\/v2\/users\/8"}],"replies":[{"embeddable":true,"href":"https:\/\/pulsarmed.de\/en\/wp-json\/wp\/v2\/comments?post=2576"}],"version-history":[{"count":0,"href":"https:\/\/pulsarmed.de\/en\/wp-json\/wp\/v2\/posts\/2576\/revisions"}],"wp:featuredmedia":[{"embeddable":true,"href":"https:\/\/pulsarmed.de\/en\/wp-json\/wp\/v2\/media\/2242"}],"wp:attachment":[{"href":"https:\/\/pulsarmed.de\/en\/wp-json\/wp\/v2\/media?parent=2576"}],"wp:term":[{"taxonomy":"category","embeddable":true,"href":"https:\/\/pulsarmed.de\/en\/wp-json\/wp\/v2\/categories?post=2576"},{"taxonomy":"post_tag","embeddable":true,"href":"https:\/\/pulsarmed.de\/en\/wp-json\/wp\/v2\/tags?post=2576"}],"curies":[{"name":"wp","href":"https:\/\/api.w.org\/{rel}","templated":true}]}}