{"id":2573,"date":"2023-03-21T10:32:14","date_gmt":"2023-03-21T09:32:14","guid":{"rendered":"https:\/\/pulsar1-rwgbe0ribs.live-website.com\/kongress-armut-und-gesundheit-2023-wir-waren-dabei\/"},"modified":"2023-03-21T10:32:14","modified_gmt":"2023-03-21T09:32:14","slug":"kongress-armut-und-gesundheit-2023-wir-waren-dabei","status":"publish","type":"post","link":"https:\/\/pulsarmed.de\/en\/kongress-armut-und-gesundheit-2023-wir-waren-dabei\/","title":{"rendered":"Kongress Armut und Gesundheit 2023 \u2013 wir waren dabei!"},"content":{"rendered":"<div class=\"fusion-fullwidth fullwidth-box fusion-builder-row-1 fusion-flex-container nonhundred-percent-fullwidth non-hundred-percent-height-scrolling\" style=\"--awb-border-radius-top-left:0px;--awb-border-radius-top-right:0px;--awb-border-radius-bottom-right:0px;--awb-border-radius-bottom-left:0px;--awb-flex-wrap:wrap;\" ><div class=\"fusion-builder-row fusion-row fusion-flex-align-items-flex-start fusion-flex-content-wrap\" style=\"max-width:1456px;margin-left: calc(-4% \/ 2 );margin-right: calc(-4% \/ 2 );\"><div class=\"fusion-layout-column fusion_builder_column fusion-builder-column-0 fusion_builder_column_1_2 1_2 fusion-flex-column\" style=\"--awb-bg-size:cover;--awb-width-large:50%;--awb-margin-top-large:0px;--awb-spacing-right-large:3.84%;--awb-margin-bottom-large:0px;--awb-spacing-left-large:3.84%;--awb-width-medium:50%;--awb-spacing-right-medium:3.84%;--awb-spacing-left-medium:3.84%;--awb-width-small:100%;--awb-spacing-right-small:1.92%;--awb-spacing-left-small:1.92%;\"><div class=\"fusion-column-wrapper fusion-flex-justify-content-flex-start fusion-content-layout-column\"><div class=\"fusion-text fusion-text-1\"><p>Am 21. und 22. M\u00e4rz besuchte unser PULSAR Medical Team den Kongress Armut und Gesundheit 2023 in Berlin. Er\u00f6ffnet wurde die Veranstaltung durch Bundespr\u00e4sident Frank-Walter Steinmeier und stand unter dem Motto: \u201e<strong>Gemeinsam Wandel gestalten<\/strong>\u201c.<\/p>\n<p>In Deutschland schafft der Kongress seit 1995 ein kontinuierliches Problembewusstsein f\u00fcr gesundheitliche Ungleichheit. J\u00e4hrlich kommen Personen aus Gesundheitswesen, Wissenschaft, Politik, Praxis und Selbsthilfe zusammen, um gesellschaftliche Strukturen und Ver\u00e4nderungspotenziale zu diskutieren.<\/p>\n<p>Des Weiteren werden aktuelle Forschungsergebnisse, Strategien, L\u00f6sungsans\u00e4tze und Erfahrung aus der Praxis vorgestellt. Dadurch erf\u00e4hrt eine heterogene Gruppe von Menschen eine Lobby, die oftmals wenig Unterst\u00fctzung erh\u00e4lt. Nicht nur die Corona-Pandemie hat die sozialen und gesundheitlichen Ungleichheiten der Gesellschaft in den letzten zwei Jahren verst\u00e4rkt.<\/p>\n<p>Auch der Ukraine-Krieg bringt Leid f\u00fcr viele Menschen. Durch enorme Preissteigerungen in den Bereichen Energie und Lebensmittel werden die Ungleichheiten noch weiter zunehmen. Eine weitere Herausforderung stellen die Folgen des Klimawandels dar, f\u00fcr die es L\u00f6sungen zu finden gilt.<\/p>\n<p>Gemeinsam mit fast 2.000 Teilnehmenden sprachen wir \u00fcber gesundheitliche Chancengleichheit, Unsicherheiten sowie Herausforderungen und Ans\u00e4tze, um die derzeitigen und kommenden gesundheitlichen Herausforderungen gemeinsam bew\u00e4ltigen zu k\u00f6nnen.<\/p>\n<p>Auch bei dem digitalen Teil des Kongresses vom 06.-07. M\u00e4rz waren wir vertreten. In unterschiedlichen Veranstaltungen analysierten wir Ankn\u00fcpfpunkte, sammelten Ideen sowie Gedankenimpulse und kamen in den Austausch. Auch im n\u00e4chsten Jahr sind wir sicher wieder mit dabei!<\/p>\n<\/div><\/div><\/div><div class=\"fusion-layout-column fusion_builder_column fusion-builder-column-1 fusion_builder_column_1_2 1_2 fusion-flex-column\" style=\"--awb-bg-size:cover;--awb-width-large:50%;--awb-margin-top-large:0px;--awb-spacing-right-large:3.84%;--awb-margin-bottom-large:0px;--awb-spacing-left-large:3.84%;--awb-width-medium:50%;--awb-spacing-right-medium:3.84%;--awb-spacing-left-medium:3.84%;--awb-width-small:100%;--awb-spacing-right-small:1.92%;--awb-spacing-left-small:1.92%;\"><div class=\"fusion-column-wrapper fusion-flex-justify-content-flex-start fusion-content-layout-column\"><div class=\"fusion-image-element \" style=\"--awb-caption-title-font-family:var(--h2_typography-font-family);--awb-caption-title-font-weight:var(--h2_typography-font-weight);--awb-caption-title-font-style:var(--h2_typography-font-style);--awb-caption-title-size:var(--h2_typography-font-size);--awb-caption-title-transform:var(--h2_typography-text-transform);--awb-caption-title-line-height:var(--h2_typography-line-height);--awb-caption-title-letter-spacing:var(--h2_typography-letter-spacing);\"><span class=\" fusion-imageframe imageframe-none imageframe-1 hover-type-none\"><img decoding=\"async\" width=\"710\" height=\"407\" alt=\"Banner for the Public Health Congress in Germany with attendees in the background.\" src=\"https:\/\/pulsar1-rwgbe0ribs.live-website.com\/wp-content\/uploads\/2023\/03\/kongress1-2.png\" class=\"img-responsive wp-image-2245\" srcset=\"https:\/\/pulsarmed.de\/wp-content\/uploads\/2023\/03\/kongress1-2-200x115.png 200w, https:\/\/pulsarmed.de\/wp-content\/uploads\/2023\/03\/kongress1-2-400x229.png 400w, https:\/\/pulsarmed.de\/wp-content\/uploads\/2023\/03\/kongress1-2-600x344.png 600w, https:\/\/pulsarmed.de\/wp-content\/uploads\/2023\/03\/kongress1-2.png 710w\" sizes=\"(max-width: 999px) 100vw, 710px\" \/><\/span><\/div><\/div><\/div><\/div><\/div>\n","protected":false},"excerpt":{"rendered":"<p>Am 21. und 22. M\u00e4rz besuchte unser PULSAR Medical Team den Kongress Armut und Gesundheit 2023 in Berlin. Er\u00f6ffnet wurde die Veranstaltung durch Bundespr\u00e4sident Frank-Walter Steinmeier und stand unter dem Motto: \u201eGemeinsam Wandel gestalten\u201c.<\/p>\n","protected":false},"author":8,"featured_media":2245,"comment_status":"closed","ping_status":"closed","sticky":false,"template":"","format":"standard","meta":{"footnotes":""},"categories":[45],"tags":[],"class_list":["post-2573","post","type-post","status-publish","format-standard","has-post-thumbnail","hentry","category-news"],"yoast_head":"<!-- This site is optimized with the Yoast SEO plugin v27.4 - https:\/\/yoast.com\/product\/yoast-seo-wordpress\/ -->\n<title>Kongress Armut und Gesundheit 2023 \u2013 wir waren dabei! - PULSAR Medical GmbH<\/title>\n<meta name=\"robots\" content=\"index, follow, max-snippet:-1, max-image-preview:large, max-video-preview:-1\" \/>\n<link rel=\"canonical\" href=\"https:\/\/pulsarmed.de\/en\/kongress-armut-und-gesundheit-2023-wir-waren-dabei\/\" \/>\n<meta property=\"og:locale\" content=\"en_US\" \/>\n<meta property=\"og:type\" content=\"article\" \/>\n<meta property=\"og:title\" content=\"Kongress Armut und Gesundheit 2023 \u2013 wir waren dabei! - PULSAR Medical GmbH\" \/>\n<meta property=\"og:description\" content=\"Am 21. und 22. M\u00e4rz besuchte unser PULSAR Medical Team den Kongress Armut und Gesundheit 2023 in Berlin. Er\u00f6ffnet wurde die Veranstaltung durch Bundespr\u00e4sident Frank-Walter Steinmeier und stand unter dem Motto: \u201eGemeinsam Wandel gestalten\u201c.\" \/>\n<meta property=\"og:url\" content=\"https:\/\/pulsarmed.de\/en\/kongress-armut-und-gesundheit-2023-wir-waren-dabei\/\" \/>\n<meta property=\"og:site_name\" content=\"PULSAR Medical GmbH\" \/>\n<meta property=\"article:published_time\" content=\"2023-03-21T09:32:14+00:00\" \/>\n<meta name=\"author\" content=\"Dr. Sabrina Zolg\" \/>\n<meta name=\"twitter:card\" content=\"summary_large_image\" \/>\n<meta name=\"twitter:label1\" content=\"Written by\" \/>\n\t<meta name=\"twitter:data1\" content=\"Dr. Sabrina Zolg\" \/>\n\t<meta name=\"twitter:label2\" content=\"Est. reading time\" \/>\n\t<meta name=\"twitter:data2\" content=\"4 minutes\" \/>\n<script type=\"application\/ld+json\" class=\"yoast-schema-graph\">{\"@context\":\"https:\\\/\\\/schema.org\",\"@graph\":[{\"@type\":\"Article\",\"@id\":\"https:\\\/\\\/pulsarmed.de\\\/en\\\/kongress-armut-und-gesundheit-2023-wir-waren-dabei\\\/#article\",\"isPartOf\":{\"@id\":\"https:\\\/\\\/pulsarmed.de\\\/en\\\/kongress-armut-und-gesundheit-2023-wir-waren-dabei\\\/\"},\"author\":{\"name\":\"Dr. Sabrina Zolg\",\"@id\":\"https:\\\/\\\/pulsar1-rwgbe0ribs.live-website.com\\\/#\\\/schema\\\/person\\\/23113a985737f9f2a015c1282874d3e0\"},\"headline\":\"Kongress Armut und Gesundheit 2023 \u2013 wir waren dabei!\",\"datePublished\":\"2023-03-21T09:32:14+00:00\",\"mainEntityOfPage\":{\"@id\":\"https:\\\/\\\/pulsarmed.de\\\/en\\\/kongress-armut-und-gesundheit-2023-wir-waren-dabei\\\/\"},\"wordCount\":782,\"publisher\":{\"@id\":\"https:\\\/\\\/pulsar1-rwgbe0ribs.live-website.com\\\/#organization\"},\"image\":{\"@id\":\"https:\\\/\\\/pulsarmed.de\\\/en\\\/kongress-armut-und-gesundheit-2023-wir-waren-dabei\\\/#primaryimage\"},\"thumbnailUrl\":\"https:\\\/\\\/pulsarmed.de\\\/wp-content\\\/uploads\\\/2023\\\/03\\\/kongress1-2.png\",\"articleSection\":[\"News\"],\"inLanguage\":\"en-US\"},{\"@type\":\"WebPage\",\"@id\":\"https:\\\/\\\/pulsarmed.de\\\/en\\\/kongress-armut-und-gesundheit-2023-wir-waren-dabei\\\/\",\"url\":\"https:\\\/\\\/pulsarmed.de\\\/en\\\/kongress-armut-und-gesundheit-2023-wir-waren-dabei\\\/\",\"name\":\"Kongress Armut und Gesundheit 2023 \u2013 wir waren dabei! - PULSAR Medical GmbH\",\"isPartOf\":{\"@id\":\"https:\\\/\\\/pulsar1-rwgbe0ribs.live-website.com\\\/#website\"},\"primaryImageOfPage\":{\"@id\":\"https:\\\/\\\/pulsarmed.de\\\/en\\\/kongress-armut-und-gesundheit-2023-wir-waren-dabei\\\/#primaryimage\"},\"image\":{\"@id\":\"https:\\\/\\\/pulsarmed.de\\\/en\\\/kongress-armut-und-gesundheit-2023-wir-waren-dabei\\\/#primaryimage\"},\"thumbnailUrl\":\"https:\\\/\\\/pulsarmed.de\\\/wp-content\\\/uploads\\\/2023\\\/03\\\/kongress1-2.png\",\"datePublished\":\"2023-03-21T09:32:14+00:00\",\"breadcrumb\":{\"@id\":\"https:\\\/\\\/pulsarmed.de\\\/en\\\/kongress-armut-und-gesundheit-2023-wir-waren-dabei\\\/#breadcrumb\"},\"inLanguage\":\"en-US\",\"potentialAction\":[{\"@type\":\"ReadAction\",\"target\":[\"https:\\\/\\\/pulsarmed.de\\\/en\\\/kongress-armut-und-gesundheit-2023-wir-waren-dabei\\\/\"]}]},{\"@type\":\"ImageObject\",\"inLanguage\":\"en-US\",\"@id\":\"https:\\\/\\\/pulsarmed.de\\\/en\\\/kongress-armut-und-gesundheit-2023-wir-waren-dabei\\\/#primaryimage\",\"url\":\"https:\\\/\\\/pulsarmed.de\\\/wp-content\\\/uploads\\\/2023\\\/03\\\/kongress1-2.png\",\"contentUrl\":\"https:\\\/\\\/pulsarmed.de\\\/wp-content\\\/uploads\\\/2023\\\/03\\\/kongress1-2.png\",\"width\":710,\"height\":407,\"caption\":\"Banner for the Public Health Congress in Germany with attendees in the background.\"},{\"@type\":\"BreadcrumbList\",\"@id\":\"https:\\\/\\\/pulsarmed.de\\\/en\\\/kongress-armut-und-gesundheit-2023-wir-waren-dabei\\\/#breadcrumb\",\"itemListElement\":[{\"@type\":\"ListItem\",\"position\":1,\"name\":\"Home\",\"item\":\"https:\\\/\\\/pulsar1-rwgbe0ribs.live-website.com\\\/en\\\/home\\\/\"},{\"@type\":\"ListItem\",\"position\":2,\"name\":\"Kongress Armut und Gesundheit 2023 \u2013 wir waren dabei!\"}]},{\"@type\":\"WebSite\",\"@id\":\"https:\\\/\\\/pulsar1-rwgbe0ribs.live-website.com\\\/#website\",\"url\":\"https:\\\/\\\/pulsar1-rwgbe0ribs.live-website.com\\\/\",\"name\":\"PULSAR Medical GmbH\",\"description\":\"Gesundheit f\u00fcr ALLE\",\"publisher\":{\"@id\":\"https:\\\/\\\/pulsar1-rwgbe0ribs.live-website.com\\\/#organization\"},\"potentialAction\":[{\"@type\":\"SearchAction\",\"target\":{\"@type\":\"EntryPoint\",\"urlTemplate\":\"https:\\\/\\\/pulsar1-rwgbe0ribs.live-website.com\\\/?s={search_term_string}\"},\"query-input\":{\"@type\":\"PropertyValueSpecification\",\"valueRequired\":true,\"valueName\":\"search_term_string\"}}],\"inLanguage\":\"en-US\"},{\"@type\":\"Organization\",\"@id\":\"https:\\\/\\\/pulsar1-rwgbe0ribs.live-website.com\\\/#organization\",\"name\":\"PULSAR Medical GmbH\",\"url\":\"https:\\\/\\\/pulsar1-rwgbe0ribs.live-website.com\\\/\",\"logo\":{\"@type\":\"ImageObject\",\"inLanguage\":\"en-US\",\"@id\":\"https:\\\/\\\/pulsar1-rwgbe0ribs.live-website.com\\\/#\\\/schema\\\/logo\\\/image\\\/\",\"url\":\"https:\\\/\\\/pulsar1-rwgbe0ribs.live-website.com\\\/wp-content\\\/uploads\\\/2024\\\/04\\\/pulsar-logo-rgb.png\",\"contentUrl\":\"https:\\\/\\\/pulsar1-rwgbe0ribs.live-website.com\\\/wp-content\\\/uploads\\\/2024\\\/04\\\/pulsar-logo-rgb.png\",\"width\":561,\"height\":226,\"caption\":\"PULSAR Medical GmbH\"},\"image\":{\"@id\":\"https:\\\/\\\/pulsar1-rwgbe0ribs.live-website.com\\\/#\\\/schema\\\/logo\\\/image\\\/\"}},{\"@type\":\"Person\",\"@id\":\"https:\\\/\\\/pulsar1-rwgbe0ribs.live-website.com\\\/#\\\/schema\\\/person\\\/23113a985737f9f2a015c1282874d3e0\",\"name\":\"Dr. Sabrina Zolg\"}]}<\/script>\n<!-- \/ Yoast SEO plugin. -->","yoast_head_json":{"title":"Kongress Armut und Gesundheit 2023 \u2013 wir waren dabei! - PULSAR Medical GmbH","robots":{"index":"index","follow":"follow","max-snippet":"max-snippet:-1","max-image-preview":"max-image-preview:large","max-video-preview":"max-video-preview:-1"},"canonical":"https:\/\/pulsarmed.de\/en\/kongress-armut-und-gesundheit-2023-wir-waren-dabei\/","og_locale":"en_US","og_type":"article","og_title":"Kongress Armut und Gesundheit 2023 \u2013 wir waren dabei! - PULSAR Medical GmbH","og_description":"Am 21. und 22. M\u00e4rz besuchte unser PULSAR Medical Team den Kongress Armut und Gesundheit 2023 in Berlin. Er\u00f6ffnet wurde die Veranstaltung durch Bundespr\u00e4sident Frank-Walter Steinmeier und stand unter dem Motto: \u201eGemeinsam Wandel gestalten\u201c.","og_url":"https:\/\/pulsarmed.de\/en\/kongress-armut-und-gesundheit-2023-wir-waren-dabei\/","og_site_name":"PULSAR Medical GmbH","article_published_time":"2023-03-21T09:32:14+00:00","author":"Dr. Sabrina Zolg","twitter_card":"summary_large_image","twitter_misc":{"Written by":"Dr. Sabrina Zolg","Est. reading time":"4 minutes"},"schema":{"@context":"https:\/\/schema.org","@graph":[{"@type":"Article","@id":"https:\/\/pulsarmed.de\/en\/kongress-armut-und-gesundheit-2023-wir-waren-dabei\/#article","isPartOf":{"@id":"https:\/\/pulsarmed.de\/en\/kongress-armut-und-gesundheit-2023-wir-waren-dabei\/"},"author":{"name":"Dr. Sabrina Zolg","@id":"https:\/\/pulsar1-rwgbe0ribs.live-website.com\/#\/schema\/person\/23113a985737f9f2a015c1282874d3e0"},"headline":"Kongress Armut und Gesundheit 2023 \u2013 wir waren dabei!","datePublished":"2023-03-21T09:32:14+00:00","mainEntityOfPage":{"@id":"https:\/\/pulsarmed.de\/en\/kongress-armut-und-gesundheit-2023-wir-waren-dabei\/"},"wordCount":782,"publisher":{"@id":"https:\/\/pulsar1-rwgbe0ribs.live-website.com\/#organization"},"image":{"@id":"https:\/\/pulsarmed.de\/en\/kongress-armut-und-gesundheit-2023-wir-waren-dabei\/#primaryimage"},"thumbnailUrl":"https:\/\/pulsarmed.de\/wp-content\/uploads\/2023\/03\/kongress1-2.png","articleSection":["News"],"inLanguage":"en-US"},{"@type":"WebPage","@id":"https:\/\/pulsarmed.de\/en\/kongress-armut-und-gesundheit-2023-wir-waren-dabei\/","url":"https:\/\/pulsarmed.de\/en\/kongress-armut-und-gesundheit-2023-wir-waren-dabei\/","name":"Kongress Armut und Gesundheit 2023 \u2013 wir waren dabei! - PULSAR Medical GmbH","isPartOf":{"@id":"https:\/\/pulsar1-rwgbe0ribs.live-website.com\/#website"},"primaryImageOfPage":{"@id":"https:\/\/pulsarmed.de\/en\/kongress-armut-und-gesundheit-2023-wir-waren-dabei\/#primaryimage"},"image":{"@id":"https:\/\/pulsarmed.de\/en\/kongress-armut-und-gesundheit-2023-wir-waren-dabei\/#primaryimage"},"thumbnailUrl":"https:\/\/pulsarmed.de\/wp-content\/uploads\/2023\/03\/kongress1-2.png","datePublished":"2023-03-21T09:32:14+00:00","breadcrumb":{"@id":"https:\/\/pulsarmed.de\/en\/kongress-armut-und-gesundheit-2023-wir-waren-dabei\/#breadcrumb"},"inLanguage":"en-US","potentialAction":[{"@type":"ReadAction","target":["https:\/\/pulsarmed.de\/en\/kongress-armut-und-gesundheit-2023-wir-waren-dabei\/"]}]},{"@type":"ImageObject","inLanguage":"en-US","@id":"https:\/\/pulsarmed.de\/en\/kongress-armut-und-gesundheit-2023-wir-waren-dabei\/#primaryimage","url":"https:\/\/pulsarmed.de\/wp-content\/uploads\/2023\/03\/kongress1-2.png","contentUrl":"https:\/\/pulsarmed.de\/wp-content\/uploads\/2023\/03\/kongress1-2.png","width":710,"height":407,"caption":"Banner for the Public Health Congress in Germany with attendees in the background."},{"@type":"BreadcrumbList","@id":"https:\/\/pulsarmed.de\/en\/kongress-armut-und-gesundheit-2023-wir-waren-dabei\/#breadcrumb","itemListElement":[{"@type":"ListItem","position":1,"name":"Home","item":"https:\/\/pulsar1-rwgbe0ribs.live-website.com\/en\/home\/"},{"@type":"ListItem","position":2,"name":"Kongress Armut und Gesundheit 2023 \u2013 wir waren dabei!"}]},{"@type":"WebSite","@id":"https:\/\/pulsar1-rwgbe0ribs.live-website.com\/#website","url":"https:\/\/pulsar1-rwgbe0ribs.live-website.com\/","name":"PULSAR Medical GmbH","description":"Gesundheit f\u00fcr ALLE","publisher":{"@id":"https:\/\/pulsar1-rwgbe0ribs.live-website.com\/#organization"},"potentialAction":[{"@type":"SearchAction","target":{"@type":"EntryPoint","urlTemplate":"https:\/\/pulsar1-rwgbe0ribs.live-website.com\/?s={search_term_string}"},"query-input":{"@type":"PropertyValueSpecification","valueRequired":true,"valueName":"search_term_string"}}],"inLanguage":"en-US"},{"@type":"Organization","@id":"https:\/\/pulsar1-rwgbe0ribs.live-website.com\/#organization","name":"PULSAR Medical GmbH","url":"https:\/\/pulsar1-rwgbe0ribs.live-website.com\/","logo":{"@type":"ImageObject","inLanguage":"en-US","@id":"https:\/\/pulsar1-rwgbe0ribs.live-website.com\/#\/schema\/logo\/image\/","url":"https:\/\/pulsar1-rwgbe0ribs.live-website.com\/wp-content\/uploads\/2024\/04\/pulsar-logo-rgb.png","contentUrl":"https:\/\/pulsar1-rwgbe0ribs.live-website.com\/wp-content\/uploads\/2024\/04\/pulsar-logo-rgb.png","width":561,"height":226,"caption":"PULSAR Medical GmbH"},"image":{"@id":"https:\/\/pulsar1-rwgbe0ribs.live-website.com\/#\/schema\/logo\/image\/"}},{"@type":"Person","@id":"https:\/\/pulsar1-rwgbe0ribs.live-website.com\/#\/schema\/person\/23113a985737f9f2a015c1282874d3e0","name":"Dr. Sabrina Zolg"}]}},"_links":{"self":[{"href":"https:\/\/pulsarmed.de\/en\/wp-json\/wp\/v2\/posts\/2573","targetHints":{"allow":["GET"]}}],"collection":[{"href":"https:\/\/pulsarmed.de\/en\/wp-json\/wp\/v2\/posts"}],"about":[{"href":"https:\/\/pulsarmed.de\/en\/wp-json\/wp\/v2\/types\/post"}],"author":[{"embeddable":true,"href":"https:\/\/pulsarmed.de\/en\/wp-json\/wp\/v2\/users\/8"}],"replies":[{"embeddable":true,"href":"https:\/\/pulsarmed.de\/en\/wp-json\/wp\/v2\/comments?post=2573"}],"version-history":[{"count":0,"href":"https:\/\/pulsarmed.de\/en\/wp-json\/wp\/v2\/posts\/2573\/revisions"}],"wp:featuredmedia":[{"embeddable":true,"href":"https:\/\/pulsarmed.de\/en\/wp-json\/wp\/v2\/media\/2245"}],"wp:attachment":[{"href":"https:\/\/pulsarmed.de\/en\/wp-json\/wp\/v2\/media?parent=2573"}],"wp:term":[{"taxonomy":"category","embeddable":true,"href":"https:\/\/pulsarmed.de\/en\/wp-json\/wp\/v2\/categories?post=2573"},{"taxonomy":"post_tag","embeddable":true,"href":"https:\/\/pulsarmed.de\/en\/wp-json\/wp\/v2\/tags?post=2573"}],"curies":[{"name":"wp","href":"https:\/\/api.w.org\/{rel}","templated":true}]}}