{"id":2570,"date":"2023-06-01T14:38:59","date_gmt":"2023-06-01T12:38:59","guid":{"rendered":"https:\/\/pulsar1-rwgbe0ribs.live-website.com\/fuenf-ressourcen-zur-staerkung-der-psychischen-gesundheit-von-beschaeftigten\/"},"modified":"2023-06-01T14:38:59","modified_gmt":"2023-06-01T12:38:59","slug":"fuenf-ressourcen-zur-staerkung-der-psychischen-gesundheit-von-beschaeftigten","status":"publish","type":"post","link":"https:\/\/pulsarmed.de\/en\/fuenf-ressourcen-zur-staerkung-der-psychischen-gesundheit-von-beschaeftigten\/","title":{"rendered":"F\u00fcnf Ressourcen zur St\u00e4rkung der psychischen Gesundheit von Besch\u00e4ftigten."},"content":{"rendered":"<div class=\"fusion-fullwidth fullwidth-box fusion-builder-row-1 fusion-flex-container nonhundred-percent-fullwidth non-hundred-percent-height-scrolling\" style=\"--awb-border-radius-top-left:0px;--awb-border-radius-top-right:0px;--awb-border-radius-bottom-right:0px;--awb-border-radius-bottom-left:0px;--awb-flex-wrap:wrap;\" ><div class=\"fusion-builder-row fusion-row fusion-flex-align-items-flex-start fusion-flex-content-wrap\" style=\"max-width:1456px;margin-left: calc(-4% \/ 2 );margin-right: calc(-4% \/ 2 );\"><div class=\"fusion-layout-column fusion_builder_column fusion-builder-column-0 fusion_builder_column_1_2 1_2 fusion-flex-column\" style=\"--awb-bg-size:cover;--awb-width-large:50%;--awb-margin-top-large:0px;--awb-spacing-right-large:3.84%;--awb-margin-bottom-large:0px;--awb-spacing-left-large:3.84%;--awb-width-medium:50%;--awb-spacing-right-medium:3.84%;--awb-spacing-left-medium:3.84%;--awb-width-small:100%;--awb-spacing-right-small:1.92%;--awb-spacing-left-small:1.92%;\"><div class=\"fusion-column-wrapper fusion-flex-justify-content-flex-start fusion-content-layout-column\"><div class=\"fusion-text fusion-text-1\"><p>In einem Gastbeitrag auf FOCUS online beschreibt unsere Vorst\u00e4ndin Sabrina Zolg f\u00fcnf Ressourcen zur St\u00e4rkung der psychischen Gesundheit von Besch\u00e4ftigten und macht deutlich, dass die Verantwortung f\u00fcr psychische Belastung am Arbeitsplatz nicht auf den einzelnen Besch\u00e4ftigten \u00fcbertragen werden darf.<\/p>\n<p>Toller Beitrag und absolut wichtiges Thema, auf das man nicht oft genug aufmerksam machen kann!<\/p>\n<p>Hier geht\u00b4s zum Artikel:\u00a0<a href=\"https:\/\/www.focus.de\/finanzen\/experten\/gastbeitrag-diese-fuenf-ressourcen-staerken-die-psychische-gesundheit-von-beschaeftigten_id_192257288.html\">https:\/\/www.focus.de\/finanzen\/experten\/gastbeitrag-diese-fuenf-ressourcen-staerken-die-psychische-gesundheit-von-beschaeftigten_id_192257288.html<\/a><\/p>\n<\/div><\/div><\/div><div class=\"fusion-layout-column fusion_builder_column fusion-builder-column-1 fusion_builder_column_1_2 1_2 fusion-flex-column\" style=\"--awb-bg-size:cover;--awb-width-large:50%;--awb-margin-top-large:0px;--awb-spacing-right-large:3.84%;--awb-margin-bottom-large:0px;--awb-spacing-left-large:3.84%;--awb-width-medium:50%;--awb-spacing-right-medium:3.84%;--awb-spacing-left-medium:3.84%;--awb-width-small:100%;--awb-spacing-right-small:1.92%;--awb-spacing-left-small:1.92%;\"><div class=\"fusion-column-wrapper fusion-flex-justify-content-flex-start fusion-content-layout-column\"><div class=\"fusion-image-element \" style=\"--awb-caption-title-font-family:var(--h2_typography-font-family);--awb-caption-title-font-weight:var(--h2_typography-font-weight);--awb-caption-title-font-style:var(--h2_typography-font-style);--awb-caption-title-size:var(--h2_typography-font-size);--awb-caption-title-transform:var(--h2_typography-text-transform);--awb-caption-title-line-height:var(--h2_typography-line-height);--awb-caption-title-letter-spacing:var(--h2_typography-letter-spacing);\"><span class=\" fusion-imageframe imageframe-none imageframe-1 hover-type-none\"><img decoding=\"async\" width=\"1024\" height=\"577\" alt=\"A woman with brown hair wearing a red blouse and smiling at the camera against a gray background.\" src=\"https:\/\/pulsar1-rwgbe0ribs.live-website.com\/wp-content\/uploads\/2023\/06\/microsoftteams-image-15.png\" class=\"img-responsive wp-image-2248\" srcset=\"https:\/\/pulsarmed.de\/wp-content\/uploads\/2023\/06\/microsoftteams-image-15-200x113.png 200w, https:\/\/pulsarmed.de\/wp-content\/uploads\/2023\/06\/microsoftteams-image-15-400x225.png 400w, https:\/\/pulsarmed.de\/wp-content\/uploads\/2023\/06\/microsoftteams-image-15-600x338.png 600w, https:\/\/pulsarmed.de\/wp-content\/uploads\/2023\/06\/microsoftteams-image-15-800x451.png 800w, https:\/\/pulsarmed.de\/wp-content\/uploads\/2023\/06\/microsoftteams-image-15.png 1024w\" sizes=\"(max-width: 999px) 100vw, 800px\" \/><\/span><\/div><\/div><\/div><\/div><\/div>\n","protected":false},"excerpt":{"rendered":"<p>In einem Gastbeitrag auf FOCUS online beschreibt unsere Vorst\u00e4ndin Sabrina Zolg f\u00fcnf Ressourcen zur St\u00e4rkung der psychischen Gesundheit von Besch\u00e4ftigten und macht deutlich, dass die Verantwortung f\u00fcr psychische Belastung am Arbeitsplatz nicht auf den einzelnen Besch\u00e4ftigten \u00fcbertragen werden darf.<\/p>\n","protected":false},"author":8,"featured_media":2248,"comment_status":"closed","ping_status":"closed","sticky":false,"template":"","format":"standard","meta":{"footnotes":""},"categories":[45],"tags":[],"class_list":["post-2570","post","type-post","status-publish","format-standard","has-post-thumbnail","hentry","category-news"],"yoast_head":"<!-- This site is optimized with the Yoast SEO plugin v27.4 - https:\/\/yoast.com\/product\/yoast-seo-wordpress\/ -->\n<title>F\u00fcnf Ressourcen zur St\u00e4rkung der psychischen Gesundheit von Besch\u00e4ftigten. - PULSAR Medical GmbH<\/title>\n<meta name=\"robots\" content=\"index, follow, max-snippet:-1, max-image-preview:large, max-video-preview:-1\" \/>\n<link rel=\"canonical\" href=\"https:\/\/pulsarmed.de\/en\/fuenf-ressourcen-zur-staerkung-der-psychischen-gesundheit-von-beschaeftigten\/\" \/>\n<meta property=\"og:locale\" content=\"en_US\" \/>\n<meta property=\"og:type\" content=\"article\" \/>\n<meta property=\"og:title\" content=\"F\u00fcnf Ressourcen zur St\u00e4rkung der psychischen Gesundheit von Besch\u00e4ftigten. - PULSAR Medical GmbH\" \/>\n<meta property=\"og:description\" content=\"In einem Gastbeitrag auf FOCUS online beschreibt unsere Vorst\u00e4ndin Sabrina Zolg f\u00fcnf Ressourcen zur St\u00e4rkung der psychischen Gesundheit von Besch\u00e4ftigten und macht deutlich, dass die Verantwortung f\u00fcr psychische Belastung am Arbeitsplatz nicht auf den einzelnen Besch\u00e4ftigten \u00fcbertragen werden darf.\" \/>\n<meta property=\"og:url\" content=\"https:\/\/pulsarmed.de\/en\/fuenf-ressourcen-zur-staerkung-der-psychischen-gesundheit-von-beschaeftigten\/\" \/>\n<meta property=\"og:site_name\" content=\"PULSAR Medical GmbH\" \/>\n<meta property=\"article:published_time\" content=\"2023-06-01T12:38:59+00:00\" \/>\n<meta name=\"author\" content=\"Dr. Sabrina Zolg\" \/>\n<meta name=\"twitter:card\" content=\"summary_large_image\" \/>\n<meta name=\"twitter:label1\" content=\"Written by\" \/>\n\t<meta name=\"twitter:data1\" content=\"Dr. Sabrina Zolg\" \/>\n\t<meta name=\"twitter:label2\" content=\"Est. reading time\" \/>\n\t<meta name=\"twitter:data2\" content=\"3 minutes\" \/>\n<script type=\"application\/ld+json\" class=\"yoast-schema-graph\">{\"@context\":\"https:\\\/\\\/schema.org\",\"@graph\":[{\"@type\":\"Article\",\"@id\":\"https:\\\/\\\/pulsarmed.de\\\/en\\\/fuenf-ressourcen-zur-staerkung-der-psychischen-gesundheit-von-beschaeftigten\\\/#article\",\"isPartOf\":{\"@id\":\"https:\\\/\\\/pulsarmed.de\\\/en\\\/fuenf-ressourcen-zur-staerkung-der-psychischen-gesundheit-von-beschaeftigten\\\/\"},\"author\":{\"name\":\"Dr. Sabrina Zolg\",\"@id\":\"https:\\\/\\\/pulsar1-rwgbe0ribs.live-website.com\\\/#\\\/schema\\\/person\\\/23113a985737f9f2a015c1282874d3e0\"},\"headline\":\"F\u00fcnf Ressourcen zur St\u00e4rkung der psychischen Gesundheit von Besch\u00e4ftigten.\",\"datePublished\":\"2023-06-01T12:38:59+00:00\",\"mainEntityOfPage\":{\"@id\":\"https:\\\/\\\/pulsarmed.de\\\/en\\\/fuenf-ressourcen-zur-staerkung-der-psychischen-gesundheit-von-beschaeftigten\\\/\"},\"wordCount\":631,\"publisher\":{\"@id\":\"https:\\\/\\\/pulsar1-rwgbe0ribs.live-website.com\\\/#organization\"},\"image\":{\"@id\":\"https:\\\/\\\/pulsarmed.de\\\/en\\\/fuenf-ressourcen-zur-staerkung-der-psychischen-gesundheit-von-beschaeftigten\\\/#primaryimage\"},\"thumbnailUrl\":\"https:\\\/\\\/pulsarmed.de\\\/wp-content\\\/uploads\\\/2023\\\/06\\\/microsoftteams-image-15.png\",\"articleSection\":[\"News\"],\"inLanguage\":\"en-US\"},{\"@type\":\"WebPage\",\"@id\":\"https:\\\/\\\/pulsarmed.de\\\/en\\\/fuenf-ressourcen-zur-staerkung-der-psychischen-gesundheit-von-beschaeftigten\\\/\",\"url\":\"https:\\\/\\\/pulsarmed.de\\\/en\\\/fuenf-ressourcen-zur-staerkung-der-psychischen-gesundheit-von-beschaeftigten\\\/\",\"name\":\"F\u00fcnf Ressourcen zur St\u00e4rkung der psychischen Gesundheit von Besch\u00e4ftigten. - PULSAR Medical GmbH\",\"isPartOf\":{\"@id\":\"https:\\\/\\\/pulsar1-rwgbe0ribs.live-website.com\\\/#website\"},\"primaryImageOfPage\":{\"@id\":\"https:\\\/\\\/pulsarmed.de\\\/en\\\/fuenf-ressourcen-zur-staerkung-der-psychischen-gesundheit-von-beschaeftigten\\\/#primaryimage\"},\"image\":{\"@id\":\"https:\\\/\\\/pulsarmed.de\\\/en\\\/fuenf-ressourcen-zur-staerkung-der-psychischen-gesundheit-von-beschaeftigten\\\/#primaryimage\"},\"thumbnailUrl\":\"https:\\\/\\\/pulsarmed.de\\\/wp-content\\\/uploads\\\/2023\\\/06\\\/microsoftteams-image-15.png\",\"datePublished\":\"2023-06-01T12:38:59+00:00\",\"breadcrumb\":{\"@id\":\"https:\\\/\\\/pulsarmed.de\\\/en\\\/fuenf-ressourcen-zur-staerkung-der-psychischen-gesundheit-von-beschaeftigten\\\/#breadcrumb\"},\"inLanguage\":\"en-US\",\"potentialAction\":[{\"@type\":\"ReadAction\",\"target\":[\"https:\\\/\\\/pulsarmed.de\\\/en\\\/fuenf-ressourcen-zur-staerkung-der-psychischen-gesundheit-von-beschaeftigten\\\/\"]}]},{\"@type\":\"ImageObject\",\"inLanguage\":\"en-US\",\"@id\":\"https:\\\/\\\/pulsarmed.de\\\/en\\\/fuenf-ressourcen-zur-staerkung-der-psychischen-gesundheit-von-beschaeftigten\\\/#primaryimage\",\"url\":\"https:\\\/\\\/pulsarmed.de\\\/wp-content\\\/uploads\\\/2023\\\/06\\\/microsoftteams-image-15.png\",\"contentUrl\":\"https:\\\/\\\/pulsarmed.de\\\/wp-content\\\/uploads\\\/2023\\\/06\\\/microsoftteams-image-15.png\",\"width\":1024,\"height\":577,\"caption\":\"A woman with brown hair wearing a red blouse and smiling at the camera against a gray background.\"},{\"@type\":\"BreadcrumbList\",\"@id\":\"https:\\\/\\\/pulsarmed.de\\\/en\\\/fuenf-ressourcen-zur-staerkung-der-psychischen-gesundheit-von-beschaeftigten\\\/#breadcrumb\",\"itemListElement\":[{\"@type\":\"ListItem\",\"position\":1,\"name\":\"Home\",\"item\":\"https:\\\/\\\/pulsar1-rwgbe0ribs.live-website.com\\\/en\\\/home\\\/\"},{\"@type\":\"ListItem\",\"position\":2,\"name\":\"F\u00fcnf Ressourcen zur St\u00e4rkung der psychischen Gesundheit von Besch\u00e4ftigten.\"}]},{\"@type\":\"WebSite\",\"@id\":\"https:\\\/\\\/pulsar1-rwgbe0ribs.live-website.com\\\/#website\",\"url\":\"https:\\\/\\\/pulsar1-rwgbe0ribs.live-website.com\\\/\",\"name\":\"PULSAR Medical GmbH\",\"description\":\"Gesundheit f\u00fcr ALLE\",\"publisher\":{\"@id\":\"https:\\\/\\\/pulsar1-rwgbe0ribs.live-website.com\\\/#organization\"},\"potentialAction\":[{\"@type\":\"SearchAction\",\"target\":{\"@type\":\"EntryPoint\",\"urlTemplate\":\"https:\\\/\\\/pulsar1-rwgbe0ribs.live-website.com\\\/?s={search_term_string}\"},\"query-input\":{\"@type\":\"PropertyValueSpecification\",\"valueRequired\":true,\"valueName\":\"search_term_string\"}}],\"inLanguage\":\"en-US\"},{\"@type\":\"Organization\",\"@id\":\"https:\\\/\\\/pulsar1-rwgbe0ribs.live-website.com\\\/#organization\",\"name\":\"PULSAR Medical GmbH\",\"url\":\"https:\\\/\\\/pulsar1-rwgbe0ribs.live-website.com\\\/\",\"logo\":{\"@type\":\"ImageObject\",\"inLanguage\":\"en-US\",\"@id\":\"https:\\\/\\\/pulsar1-rwgbe0ribs.live-website.com\\\/#\\\/schema\\\/logo\\\/image\\\/\",\"url\":\"https:\\\/\\\/pulsar1-rwgbe0ribs.live-website.com\\\/wp-content\\\/uploads\\\/2024\\\/04\\\/pulsar-logo-rgb.png\",\"contentUrl\":\"https:\\\/\\\/pulsar1-rwgbe0ribs.live-website.com\\\/wp-content\\\/uploads\\\/2024\\\/04\\\/pulsar-logo-rgb.png\",\"width\":561,\"height\":226,\"caption\":\"PULSAR Medical GmbH\"},\"image\":{\"@id\":\"https:\\\/\\\/pulsar1-rwgbe0ribs.live-website.com\\\/#\\\/schema\\\/logo\\\/image\\\/\"}},{\"@type\":\"Person\",\"@id\":\"https:\\\/\\\/pulsar1-rwgbe0ribs.live-website.com\\\/#\\\/schema\\\/person\\\/23113a985737f9f2a015c1282874d3e0\",\"name\":\"Dr. Sabrina Zolg\"}]}<\/script>\n<!-- \/ Yoast SEO plugin. -->","yoast_head_json":{"title":"F\u00fcnf Ressourcen zur St\u00e4rkung der psychischen Gesundheit von Besch\u00e4ftigten. - PULSAR Medical GmbH","robots":{"index":"index","follow":"follow","max-snippet":"max-snippet:-1","max-image-preview":"max-image-preview:large","max-video-preview":"max-video-preview:-1"},"canonical":"https:\/\/pulsarmed.de\/en\/fuenf-ressourcen-zur-staerkung-der-psychischen-gesundheit-von-beschaeftigten\/","og_locale":"en_US","og_type":"article","og_title":"F\u00fcnf Ressourcen zur St\u00e4rkung der psychischen Gesundheit von Besch\u00e4ftigten. - PULSAR Medical GmbH","og_description":"In einem Gastbeitrag auf FOCUS online beschreibt unsere Vorst\u00e4ndin Sabrina Zolg f\u00fcnf Ressourcen zur St\u00e4rkung der psychischen Gesundheit von Besch\u00e4ftigten und macht deutlich, dass die Verantwortung f\u00fcr psychische Belastung am Arbeitsplatz nicht auf den einzelnen Besch\u00e4ftigten \u00fcbertragen werden darf.","og_url":"https:\/\/pulsarmed.de\/en\/fuenf-ressourcen-zur-staerkung-der-psychischen-gesundheit-von-beschaeftigten\/","og_site_name":"PULSAR Medical GmbH","article_published_time":"2023-06-01T12:38:59+00:00","author":"Dr. Sabrina Zolg","twitter_card":"summary_large_image","twitter_misc":{"Written by":"Dr. Sabrina Zolg","Est. reading time":"3 minutes"},"schema":{"@context":"https:\/\/schema.org","@graph":[{"@type":"Article","@id":"https:\/\/pulsarmed.de\/en\/fuenf-ressourcen-zur-staerkung-der-psychischen-gesundheit-von-beschaeftigten\/#article","isPartOf":{"@id":"https:\/\/pulsarmed.de\/en\/fuenf-ressourcen-zur-staerkung-der-psychischen-gesundheit-von-beschaeftigten\/"},"author":{"name":"Dr. Sabrina Zolg","@id":"https:\/\/pulsar1-rwgbe0ribs.live-website.com\/#\/schema\/person\/23113a985737f9f2a015c1282874d3e0"},"headline":"F\u00fcnf Ressourcen zur St\u00e4rkung der psychischen Gesundheit von Besch\u00e4ftigten.","datePublished":"2023-06-01T12:38:59+00:00","mainEntityOfPage":{"@id":"https:\/\/pulsarmed.de\/en\/fuenf-ressourcen-zur-staerkung-der-psychischen-gesundheit-von-beschaeftigten\/"},"wordCount":631,"publisher":{"@id":"https:\/\/pulsar1-rwgbe0ribs.live-website.com\/#organization"},"image":{"@id":"https:\/\/pulsarmed.de\/en\/fuenf-ressourcen-zur-staerkung-der-psychischen-gesundheit-von-beschaeftigten\/#primaryimage"},"thumbnailUrl":"https:\/\/pulsarmed.de\/wp-content\/uploads\/2023\/06\/microsoftteams-image-15.png","articleSection":["News"],"inLanguage":"en-US"},{"@type":"WebPage","@id":"https:\/\/pulsarmed.de\/en\/fuenf-ressourcen-zur-staerkung-der-psychischen-gesundheit-von-beschaeftigten\/","url":"https:\/\/pulsarmed.de\/en\/fuenf-ressourcen-zur-staerkung-der-psychischen-gesundheit-von-beschaeftigten\/","name":"F\u00fcnf Ressourcen zur St\u00e4rkung der psychischen Gesundheit von Besch\u00e4ftigten. - PULSAR Medical GmbH","isPartOf":{"@id":"https:\/\/pulsar1-rwgbe0ribs.live-website.com\/#website"},"primaryImageOfPage":{"@id":"https:\/\/pulsarmed.de\/en\/fuenf-ressourcen-zur-staerkung-der-psychischen-gesundheit-von-beschaeftigten\/#primaryimage"},"image":{"@id":"https:\/\/pulsarmed.de\/en\/fuenf-ressourcen-zur-staerkung-der-psychischen-gesundheit-von-beschaeftigten\/#primaryimage"},"thumbnailUrl":"https:\/\/pulsarmed.de\/wp-content\/uploads\/2023\/06\/microsoftteams-image-15.png","datePublished":"2023-06-01T12:38:59+00:00","breadcrumb":{"@id":"https:\/\/pulsarmed.de\/en\/fuenf-ressourcen-zur-staerkung-der-psychischen-gesundheit-von-beschaeftigten\/#breadcrumb"},"inLanguage":"en-US","potentialAction":[{"@type":"ReadAction","target":["https:\/\/pulsarmed.de\/en\/fuenf-ressourcen-zur-staerkung-der-psychischen-gesundheit-von-beschaeftigten\/"]}]},{"@type":"ImageObject","inLanguage":"en-US","@id":"https:\/\/pulsarmed.de\/en\/fuenf-ressourcen-zur-staerkung-der-psychischen-gesundheit-von-beschaeftigten\/#primaryimage","url":"https:\/\/pulsarmed.de\/wp-content\/uploads\/2023\/06\/microsoftteams-image-15.png","contentUrl":"https:\/\/pulsarmed.de\/wp-content\/uploads\/2023\/06\/microsoftteams-image-15.png","width":1024,"height":577,"caption":"A woman with brown hair wearing a red blouse and smiling at the camera against a gray background."},{"@type":"BreadcrumbList","@id":"https:\/\/pulsarmed.de\/en\/fuenf-ressourcen-zur-staerkung-der-psychischen-gesundheit-von-beschaeftigten\/#breadcrumb","itemListElement":[{"@type":"ListItem","position":1,"name":"Home","item":"https:\/\/pulsar1-rwgbe0ribs.live-website.com\/en\/home\/"},{"@type":"ListItem","position":2,"name":"F\u00fcnf Ressourcen zur St\u00e4rkung der psychischen Gesundheit von Besch\u00e4ftigten."}]},{"@type":"WebSite","@id":"https:\/\/pulsar1-rwgbe0ribs.live-website.com\/#website","url":"https:\/\/pulsar1-rwgbe0ribs.live-website.com\/","name":"PULSAR Medical GmbH","description":"Gesundheit f\u00fcr ALLE","publisher":{"@id":"https:\/\/pulsar1-rwgbe0ribs.live-website.com\/#organization"},"potentialAction":[{"@type":"SearchAction","target":{"@type":"EntryPoint","urlTemplate":"https:\/\/pulsar1-rwgbe0ribs.live-website.com\/?s={search_term_string}"},"query-input":{"@type":"PropertyValueSpecification","valueRequired":true,"valueName":"search_term_string"}}],"inLanguage":"en-US"},{"@type":"Organization","@id":"https:\/\/pulsar1-rwgbe0ribs.live-website.com\/#organization","name":"PULSAR Medical GmbH","url":"https:\/\/pulsar1-rwgbe0ribs.live-website.com\/","logo":{"@type":"ImageObject","inLanguage":"en-US","@id":"https:\/\/pulsar1-rwgbe0ribs.live-website.com\/#\/schema\/logo\/image\/","url":"https:\/\/pulsar1-rwgbe0ribs.live-website.com\/wp-content\/uploads\/2024\/04\/pulsar-logo-rgb.png","contentUrl":"https:\/\/pulsar1-rwgbe0ribs.live-website.com\/wp-content\/uploads\/2024\/04\/pulsar-logo-rgb.png","width":561,"height":226,"caption":"PULSAR Medical GmbH"},"image":{"@id":"https:\/\/pulsar1-rwgbe0ribs.live-website.com\/#\/schema\/logo\/image\/"}},{"@type":"Person","@id":"https:\/\/pulsar1-rwgbe0ribs.live-website.com\/#\/schema\/person\/23113a985737f9f2a015c1282874d3e0","name":"Dr. Sabrina Zolg"}]}},"_links":{"self":[{"href":"https:\/\/pulsarmed.de\/en\/wp-json\/wp\/v2\/posts\/2570","targetHints":{"allow":["GET"]}}],"collection":[{"href":"https:\/\/pulsarmed.de\/en\/wp-json\/wp\/v2\/posts"}],"about":[{"href":"https:\/\/pulsarmed.de\/en\/wp-json\/wp\/v2\/types\/post"}],"author":[{"embeddable":true,"href":"https:\/\/pulsarmed.de\/en\/wp-json\/wp\/v2\/users\/8"}],"replies":[{"embeddable":true,"href":"https:\/\/pulsarmed.de\/en\/wp-json\/wp\/v2\/comments?post=2570"}],"version-history":[{"count":0,"href":"https:\/\/pulsarmed.de\/en\/wp-json\/wp\/v2\/posts\/2570\/revisions"}],"wp:featuredmedia":[{"embeddable":true,"href":"https:\/\/pulsarmed.de\/en\/wp-json\/wp\/v2\/media\/2248"}],"wp:attachment":[{"href":"https:\/\/pulsarmed.de\/en\/wp-json\/wp\/v2\/media?parent=2570"}],"wp:term":[{"taxonomy":"category","embeddable":true,"href":"https:\/\/pulsarmed.de\/en\/wp-json\/wp\/v2\/categories?post=2570"},{"taxonomy":"post_tag","embeddable":true,"href":"https:\/\/pulsarmed.de\/en\/wp-json\/wp\/v2\/tags?post=2570"}],"curies":[{"name":"wp","href":"https:\/\/api.w.org\/{rel}","templated":true}]}}