{"id":2569,"date":"2023-06-01T14:40:02","date_gmt":"2023-06-01T12:40:02","guid":{"rendered":"https:\/\/pulsar1-rwgbe0ribs.live-website.com\/3-jahre-pulsar-medical-ag-das-muss-gefeiert-werden\/"},"modified":"2025-07-28T14:19:32","modified_gmt":"2025-07-28T12:19:32","slug":"3-jahre-pulsar-medical-gmbh-das-muss-gefeiert-werden","status":"publish","type":"post","link":"https:\/\/pulsarmed.de\/en\/3-jahre-pulsar-medical-gmbh-das-muss-gefeiert-werden\/","title":{"rendered":"3 Jahre Pulsar Medical GmbH\u2013 das muss gefeiert werden!"},"content":{"rendered":"<div class=\"fusion-fullwidth fullwidth-box fusion-builder-row-1 fusion-flex-container nonhundred-percent-fullwidth non-hundred-percent-height-scrolling\" style=\"--awb-border-radius-top-left:0px;--awb-border-radius-top-right:0px;--awb-border-radius-bottom-right:0px;--awb-border-radius-bottom-left:0px;--awb-flex-wrap:wrap;\" ><div class=\"fusion-builder-row fusion-row fusion-flex-align-items-flex-start fusion-flex-content-wrap\" style=\"max-width:1456px;margin-left: calc(-4% \/ 2 );margin-right: calc(-4% \/ 2 );\"><div class=\"fusion-layout-column fusion_builder_column fusion-builder-column-0 fusion_builder_column_1_2 1_2 fusion-flex-column\" style=\"--awb-bg-size:cover;--awb-width-large:50%;--awb-margin-top-large:0px;--awb-spacing-right-large:3.84%;--awb-margin-bottom-large:0px;--awb-spacing-left-large:3.84%;--awb-width-medium:50%;--awb-spacing-right-medium:3.84%;--awb-spacing-left-medium:3.84%;--awb-width-small:100%;--awb-spacing-right-small:1.92%;--awb-spacing-left-small:1.92%;\"><div class=\"fusion-column-wrapper fusion-flex-justify-content-flex-start fusion-content-layout-column\"><div class=\"fusion-text fusion-text-1\"><p>Wir haben uns am 26.05.2023 in Mannheim nicht nur f\u00fcr einen Workshop getroffen, sondern hatten auch einen gro\u00dfartigen Anlass, gemeinsam anzusto\u00dfen.\u00a0<strong>3 Jahre Pulsar Medical GmbH \u2013 was f\u00fcr ein Meilenstein.<\/strong><\/p>\n<p>Das wunderbare Wetter, die angenehmen Gespr\u00e4che, das leckere Essen und die Anwesenheit fast aller Mitarbeitenden haben den Tag einfach perfekt gemacht. F\u00fcr unser Remote-Team eine gro\u00dfartige Gelegenheit, sich pers\u00f6nlich auszutauschen und den Teamgeist zu st\u00e4rken.<\/p>\n<p>Gestartet sind wir mit einem Workshop zur Teamentwicklung. Am Abend ging es f\u00fcr uns dann in das Restaurant \u201eDie K\u00fcche Jungbusch\u201c. Bei tollem Wetter und grandiosen Ausblick haben wir das gemeinsame Abendessen genossen. Ein anschlie\u00dfender Bummel \u00fcber das Mannheimer Stadtfest durfte nicht fehlen und hat den Abend abgerundet. Insgesamt war die Veranstaltung zum dreij\u00e4hrigen Jubil\u00e4um ein voller Erfolg. Herzlichen Dank an alle Beteiligten f\u00fcr die Organisation. Nach diesem erfolgreichen Teamtag gehen wir noch motivierter an die n\u00e4chsten Aufgaben und Herausforderungen heran. Let&#8217;s do this<\/p>\n<\/div><\/div><\/div><div class=\"fusion-layout-column fusion_builder_column fusion-builder-column-1 fusion_builder_column_1_2 1_2 fusion-flex-column\" style=\"--awb-bg-size:cover;--awb-width-large:50%;--awb-margin-top-large:0px;--awb-spacing-right-large:3.84%;--awb-margin-bottom-large:0px;--awb-spacing-left-large:3.84%;--awb-width-medium:50%;--awb-spacing-right-medium:3.84%;--awb-spacing-left-medium:3.84%;--awb-width-small:100%;--awb-spacing-right-small:1.92%;--awb-spacing-left-small:1.92%;\"><div class=\"fusion-column-wrapper fusion-flex-justify-content-flex-start fusion-content-layout-column\"><div class=\"fusion-image-element \" style=\"--awb-caption-title-font-family:var(--h2_typography-font-family);--awb-caption-title-font-weight:var(--h2_typography-font-weight);--awb-caption-title-font-style:var(--h2_typography-font-style);--awb-caption-title-size:var(--h2_typography-font-size);--awb-caption-title-transform:var(--h2_typography-text-transform);--awb-caption-title-line-height:var(--h2_typography-line-height);--awb-caption-title-letter-spacing:var(--h2_typography-letter-spacing);\"><span class=\" fusion-imageframe imageframe-none imageframe-1 hover-type-none\"><img decoding=\"async\" width=\"1024\" height=\"567\" alt=\"Seven individuals standing together by a river, wearing casual clothing and smiling at the camera.\" src=\"https:\/\/pulsar1-rwgbe0ribs.live-website.com\/wp-content\/uploads\/2023\/06\/50.jpg\" class=\"img-responsive wp-image-2249\" srcset=\"https:\/\/pulsarmed.de\/wp-content\/uploads\/2023\/06\/50-200x111.jpg 200w, https:\/\/pulsarmed.de\/wp-content\/uploads\/2023\/06\/50-400x221.jpg 400w, https:\/\/pulsarmed.de\/wp-content\/uploads\/2023\/06\/50-600x332.jpg 600w, https:\/\/pulsarmed.de\/wp-content\/uploads\/2023\/06\/50-800x443.jpg 800w, https:\/\/pulsarmed.de\/wp-content\/uploads\/2023\/06\/50.jpg 1024w\" sizes=\"(max-width: 999px) 100vw, 800px\" \/><\/span><\/div><\/div><\/div><\/div><\/div>\n","protected":false},"excerpt":{"rendered":"<p>Wir haben uns am 26.05.2023 in Mannheim nicht nur f\u00fcr einen Workshop getroffen, sondern hatten auch einen gro\u00dfartigen Anlass, gemeinsam anzusto\u00dfen. 3 Jahre Pulsar Medical GmbH \u2013 was f\u00fcr ein Meilenstein.<\/p>\n","protected":false},"author":8,"featured_media":2249,"comment_status":"closed","ping_status":"closed","sticky":false,"template":"","format":"standard","meta":{"footnotes":""},"categories":[45],"tags":[],"class_list":["post-2569","post","type-post","status-publish","format-standard","has-post-thumbnail","hentry","category-news"],"yoast_head":"<!-- This site is optimized with the Yoast SEO plugin v27.4 - https:\/\/yoast.com\/product\/yoast-seo-wordpress\/ -->\n<title>3 Jahre Pulsar Medical GmbH\u2013 das muss gefeiert werden! - PULSAR Medical GmbH<\/title>\n<meta name=\"robots\" content=\"index, follow, max-snippet:-1, max-image-preview:large, max-video-preview:-1\" \/>\n<link rel=\"canonical\" href=\"https:\/\/pulsarmed.de\/en\/3-jahre-pulsar-medical-gmbh-das-muss-gefeiert-werden\/\" \/>\n<meta property=\"og:locale\" content=\"en_US\" \/>\n<meta property=\"og:type\" content=\"article\" \/>\n<meta property=\"og:title\" content=\"3 Jahre Pulsar Medical GmbH\u2013 das muss gefeiert werden! - PULSAR Medical GmbH\" \/>\n<meta property=\"og:description\" content=\"Wir haben uns am 26.05.2023 in Mannheim nicht nur f\u00fcr einen Workshop getroffen, sondern hatten auch einen gro\u00dfartigen Anlass, gemeinsam anzusto\u00dfen. 3 Jahre Pulsar Medical GmbH \u2013 was f\u00fcr ein Meilenstein.\" \/>\n<meta property=\"og:url\" content=\"https:\/\/pulsarmed.de\/en\/3-jahre-pulsar-medical-gmbh-das-muss-gefeiert-werden\/\" \/>\n<meta property=\"og:site_name\" content=\"PULSAR Medical GmbH\" \/>\n<meta property=\"article:published_time\" content=\"2023-06-01T12:40:02+00:00\" \/>\n<meta property=\"article:modified_time\" content=\"2025-07-28T12:19:32+00:00\" \/>\n<meta property=\"og:image\" content=\"https:\/\/pulsar1-rwgbe0ribs.live-website.com\/wp-content\/uploads\/2023\/06\/50.jpg\" \/>\n\t<meta property=\"og:image:width\" content=\"1024\" \/>\n\t<meta property=\"og:image:height\" content=\"567\" \/>\n\t<meta property=\"og:image:type\" content=\"image\/jpeg\" \/>\n<meta name=\"author\" content=\"Dr. Sabrina Zolg\" \/>\n<meta name=\"twitter:card\" content=\"summary_large_image\" \/>\n<meta name=\"twitter:label1\" content=\"Written by\" \/>\n\t<meta name=\"twitter:data1\" content=\"Dr. Sabrina Zolg\" \/>\n\t<meta name=\"twitter:label2\" content=\"Est. reading time\" \/>\n\t<meta name=\"twitter:data2\" content=\"2 minutes\" \/>\n<script type=\"application\/ld+json\" class=\"yoast-schema-graph\">{\"@context\":\"https:\\\/\\\/schema.org\",\"@graph\":[{\"@type\":\"Article\",\"@id\":\"https:\\\/\\\/pulsarmed.de\\\/en\\\/3-jahre-pulsar-medical-gmbh-das-muss-gefeiert-werden\\\/#article\",\"isPartOf\":{\"@id\":\"https:\\\/\\\/pulsarmed.de\\\/en\\\/3-jahre-pulsar-medical-gmbh-das-muss-gefeiert-werden\\\/\"},\"author\":{\"name\":\"Dr. Sabrina Zolg\",\"@id\":\"https:\\\/\\\/pulsar1-rwgbe0ribs.live-website.com\\\/#\\\/schema\\\/person\\\/23113a985737f9f2a015c1282874d3e0\"},\"headline\":\"3 Jahre Pulsar Medical GmbH\u2013 das muss gefeiert werden!\",\"datePublished\":\"2023-06-01T12:40:02+00:00\",\"dateModified\":\"2025-07-28T12:19:32+00:00\",\"mainEntityOfPage\":{\"@id\":\"https:\\\/\\\/pulsarmed.de\\\/en\\\/3-jahre-pulsar-medical-gmbh-das-muss-gefeiert-werden\\\/\"},\"wordCount\":822,\"publisher\":{\"@id\":\"https:\\\/\\\/pulsar1-rwgbe0ribs.live-website.com\\\/#organization\"},\"image\":{\"@id\":\"https:\\\/\\\/pulsarmed.de\\\/en\\\/3-jahre-pulsar-medical-gmbh-das-muss-gefeiert-werden\\\/#primaryimage\"},\"thumbnailUrl\":\"https:\\\/\\\/pulsarmed.de\\\/wp-content\\\/uploads\\\/2023\\\/06\\\/50.jpg\",\"articleSection\":[\"News\"],\"inLanguage\":\"en-US\"},{\"@type\":\"WebPage\",\"@id\":\"https:\\\/\\\/pulsarmed.de\\\/en\\\/3-jahre-pulsar-medical-gmbh-das-muss-gefeiert-werden\\\/\",\"url\":\"https:\\\/\\\/pulsarmed.de\\\/en\\\/3-jahre-pulsar-medical-gmbh-das-muss-gefeiert-werden\\\/\",\"name\":\"3 Jahre Pulsar Medical GmbH\u2013 das muss gefeiert werden! - PULSAR Medical GmbH\",\"isPartOf\":{\"@id\":\"https:\\\/\\\/pulsar1-rwgbe0ribs.live-website.com\\\/#website\"},\"primaryImageOfPage\":{\"@id\":\"https:\\\/\\\/pulsarmed.de\\\/en\\\/3-jahre-pulsar-medical-gmbh-das-muss-gefeiert-werden\\\/#primaryimage\"},\"image\":{\"@id\":\"https:\\\/\\\/pulsarmed.de\\\/en\\\/3-jahre-pulsar-medical-gmbh-das-muss-gefeiert-werden\\\/#primaryimage\"},\"thumbnailUrl\":\"https:\\\/\\\/pulsarmed.de\\\/wp-content\\\/uploads\\\/2023\\\/06\\\/50.jpg\",\"datePublished\":\"2023-06-01T12:40:02+00:00\",\"dateModified\":\"2025-07-28T12:19:32+00:00\",\"breadcrumb\":{\"@id\":\"https:\\\/\\\/pulsarmed.de\\\/en\\\/3-jahre-pulsar-medical-gmbh-das-muss-gefeiert-werden\\\/#breadcrumb\"},\"inLanguage\":\"en-US\",\"potentialAction\":[{\"@type\":\"ReadAction\",\"target\":[\"https:\\\/\\\/pulsarmed.de\\\/en\\\/3-jahre-pulsar-medical-gmbh-das-muss-gefeiert-werden\\\/\"]}]},{\"@type\":\"ImageObject\",\"inLanguage\":\"en-US\",\"@id\":\"https:\\\/\\\/pulsarmed.de\\\/en\\\/3-jahre-pulsar-medical-gmbh-das-muss-gefeiert-werden\\\/#primaryimage\",\"url\":\"https:\\\/\\\/pulsarmed.de\\\/wp-content\\\/uploads\\\/2023\\\/06\\\/50.jpg\",\"contentUrl\":\"https:\\\/\\\/pulsarmed.de\\\/wp-content\\\/uploads\\\/2023\\\/06\\\/50.jpg\",\"width\":1024,\"height\":567,\"caption\":\"Seven individuals standing together by a river, wearing casual clothing and smiling at the camera.\"},{\"@type\":\"BreadcrumbList\",\"@id\":\"https:\\\/\\\/pulsarmed.de\\\/en\\\/3-jahre-pulsar-medical-gmbh-das-muss-gefeiert-werden\\\/#breadcrumb\",\"itemListElement\":[{\"@type\":\"ListItem\",\"position\":1,\"name\":\"Home\",\"item\":\"https:\\\/\\\/pulsar1-rwgbe0ribs.live-website.com\\\/en\\\/home\\\/\"},{\"@type\":\"ListItem\",\"position\":2,\"name\":\"3 Jahre Pulsar Medical GmbH\u2013 das muss gefeiert werden!\"}]},{\"@type\":\"WebSite\",\"@id\":\"https:\\\/\\\/pulsar1-rwgbe0ribs.live-website.com\\\/#website\",\"url\":\"https:\\\/\\\/pulsar1-rwgbe0ribs.live-website.com\\\/\",\"name\":\"PULSAR Medical GmbH\",\"description\":\"Gesundheit f\u00fcr ALLE\",\"publisher\":{\"@id\":\"https:\\\/\\\/pulsar1-rwgbe0ribs.live-website.com\\\/#organization\"},\"potentialAction\":[{\"@type\":\"SearchAction\",\"target\":{\"@type\":\"EntryPoint\",\"urlTemplate\":\"https:\\\/\\\/pulsar1-rwgbe0ribs.live-website.com\\\/?s={search_term_string}\"},\"query-input\":{\"@type\":\"PropertyValueSpecification\",\"valueRequired\":true,\"valueName\":\"search_term_string\"}}],\"inLanguage\":\"en-US\"},{\"@type\":\"Organization\",\"@id\":\"https:\\\/\\\/pulsar1-rwgbe0ribs.live-website.com\\\/#organization\",\"name\":\"PULSAR Medical GmbH\",\"url\":\"https:\\\/\\\/pulsar1-rwgbe0ribs.live-website.com\\\/\",\"logo\":{\"@type\":\"ImageObject\",\"inLanguage\":\"en-US\",\"@id\":\"https:\\\/\\\/pulsar1-rwgbe0ribs.live-website.com\\\/#\\\/schema\\\/logo\\\/image\\\/\",\"url\":\"https:\\\/\\\/pulsar1-rwgbe0ribs.live-website.com\\\/wp-content\\\/uploads\\\/2024\\\/04\\\/pulsar-logo-rgb.png\",\"contentUrl\":\"https:\\\/\\\/pulsar1-rwgbe0ribs.live-website.com\\\/wp-content\\\/uploads\\\/2024\\\/04\\\/pulsar-logo-rgb.png\",\"width\":561,\"height\":226,\"caption\":\"PULSAR Medical GmbH\"},\"image\":{\"@id\":\"https:\\\/\\\/pulsar1-rwgbe0ribs.live-website.com\\\/#\\\/schema\\\/logo\\\/image\\\/\"}},{\"@type\":\"Person\",\"@id\":\"https:\\\/\\\/pulsar1-rwgbe0ribs.live-website.com\\\/#\\\/schema\\\/person\\\/23113a985737f9f2a015c1282874d3e0\",\"name\":\"Dr. Sabrina Zolg\"}]}<\/script>\n<!-- \/ Yoast SEO plugin. -->","yoast_head_json":{"title":"3 Jahre Pulsar Medical GmbH\u2013 das muss gefeiert werden! - PULSAR Medical GmbH","robots":{"index":"index","follow":"follow","max-snippet":"max-snippet:-1","max-image-preview":"max-image-preview:large","max-video-preview":"max-video-preview:-1"},"canonical":"https:\/\/pulsarmed.de\/en\/3-jahre-pulsar-medical-gmbh-das-muss-gefeiert-werden\/","og_locale":"en_US","og_type":"article","og_title":"3 Jahre Pulsar Medical GmbH\u2013 das muss gefeiert werden! - PULSAR Medical GmbH","og_description":"Wir haben uns am 26.05.2023 in Mannheim nicht nur f\u00fcr einen Workshop getroffen, sondern hatten auch einen gro\u00dfartigen Anlass, gemeinsam anzusto\u00dfen. 3 Jahre Pulsar Medical GmbH \u2013 was f\u00fcr ein Meilenstein.","og_url":"https:\/\/pulsarmed.de\/en\/3-jahre-pulsar-medical-gmbh-das-muss-gefeiert-werden\/","og_site_name":"PULSAR Medical GmbH","article_published_time":"2023-06-01T12:40:02+00:00","article_modified_time":"2025-07-28T12:19:32+00:00","og_image":[{"width":1024,"height":567,"url":"https:\/\/pulsar1-rwgbe0ribs.live-website.com\/wp-content\/uploads\/2023\/06\/50.jpg","type":"image\/jpeg"}],"author":"Dr. Sabrina Zolg","twitter_card":"summary_large_image","twitter_misc":{"Written by":"Dr. Sabrina Zolg","Est. reading time":"2 minutes"},"schema":{"@context":"https:\/\/schema.org","@graph":[{"@type":"Article","@id":"https:\/\/pulsarmed.de\/en\/3-jahre-pulsar-medical-gmbh-das-muss-gefeiert-werden\/#article","isPartOf":{"@id":"https:\/\/pulsarmed.de\/en\/3-jahre-pulsar-medical-gmbh-das-muss-gefeiert-werden\/"},"author":{"name":"Dr. Sabrina Zolg","@id":"https:\/\/pulsar1-rwgbe0ribs.live-website.com\/#\/schema\/person\/23113a985737f9f2a015c1282874d3e0"},"headline":"3 Jahre Pulsar Medical GmbH\u2013 das muss gefeiert werden!","datePublished":"2023-06-01T12:40:02+00:00","dateModified":"2025-07-28T12:19:32+00:00","mainEntityOfPage":{"@id":"https:\/\/pulsarmed.de\/en\/3-jahre-pulsar-medical-gmbh-das-muss-gefeiert-werden\/"},"wordCount":822,"publisher":{"@id":"https:\/\/pulsar1-rwgbe0ribs.live-website.com\/#organization"},"image":{"@id":"https:\/\/pulsarmed.de\/en\/3-jahre-pulsar-medical-gmbh-das-muss-gefeiert-werden\/#primaryimage"},"thumbnailUrl":"https:\/\/pulsarmed.de\/wp-content\/uploads\/2023\/06\/50.jpg","articleSection":["News"],"inLanguage":"en-US"},{"@type":"WebPage","@id":"https:\/\/pulsarmed.de\/en\/3-jahre-pulsar-medical-gmbh-das-muss-gefeiert-werden\/","url":"https:\/\/pulsarmed.de\/en\/3-jahre-pulsar-medical-gmbh-das-muss-gefeiert-werden\/","name":"3 Jahre Pulsar Medical GmbH\u2013 das muss gefeiert werden! - PULSAR Medical GmbH","isPartOf":{"@id":"https:\/\/pulsar1-rwgbe0ribs.live-website.com\/#website"},"primaryImageOfPage":{"@id":"https:\/\/pulsarmed.de\/en\/3-jahre-pulsar-medical-gmbh-das-muss-gefeiert-werden\/#primaryimage"},"image":{"@id":"https:\/\/pulsarmed.de\/en\/3-jahre-pulsar-medical-gmbh-das-muss-gefeiert-werden\/#primaryimage"},"thumbnailUrl":"https:\/\/pulsarmed.de\/wp-content\/uploads\/2023\/06\/50.jpg","datePublished":"2023-06-01T12:40:02+00:00","dateModified":"2025-07-28T12:19:32+00:00","breadcrumb":{"@id":"https:\/\/pulsarmed.de\/en\/3-jahre-pulsar-medical-gmbh-das-muss-gefeiert-werden\/#breadcrumb"},"inLanguage":"en-US","potentialAction":[{"@type":"ReadAction","target":["https:\/\/pulsarmed.de\/en\/3-jahre-pulsar-medical-gmbh-das-muss-gefeiert-werden\/"]}]},{"@type":"ImageObject","inLanguage":"en-US","@id":"https:\/\/pulsarmed.de\/en\/3-jahre-pulsar-medical-gmbh-das-muss-gefeiert-werden\/#primaryimage","url":"https:\/\/pulsarmed.de\/wp-content\/uploads\/2023\/06\/50.jpg","contentUrl":"https:\/\/pulsarmed.de\/wp-content\/uploads\/2023\/06\/50.jpg","width":1024,"height":567,"caption":"Seven individuals standing together by a river, wearing casual clothing and smiling at the camera."},{"@type":"BreadcrumbList","@id":"https:\/\/pulsarmed.de\/en\/3-jahre-pulsar-medical-gmbh-das-muss-gefeiert-werden\/#breadcrumb","itemListElement":[{"@type":"ListItem","position":1,"name":"Home","item":"https:\/\/pulsar1-rwgbe0ribs.live-website.com\/en\/home\/"},{"@type":"ListItem","position":2,"name":"3 Jahre Pulsar Medical GmbH\u2013 das muss gefeiert werden!"}]},{"@type":"WebSite","@id":"https:\/\/pulsar1-rwgbe0ribs.live-website.com\/#website","url":"https:\/\/pulsar1-rwgbe0ribs.live-website.com\/","name":"PULSAR Medical GmbH","description":"Gesundheit f\u00fcr ALLE","publisher":{"@id":"https:\/\/pulsar1-rwgbe0ribs.live-website.com\/#organization"},"potentialAction":[{"@type":"SearchAction","target":{"@type":"EntryPoint","urlTemplate":"https:\/\/pulsar1-rwgbe0ribs.live-website.com\/?s={search_term_string}"},"query-input":{"@type":"PropertyValueSpecification","valueRequired":true,"valueName":"search_term_string"}}],"inLanguage":"en-US"},{"@type":"Organization","@id":"https:\/\/pulsar1-rwgbe0ribs.live-website.com\/#organization","name":"PULSAR Medical GmbH","url":"https:\/\/pulsar1-rwgbe0ribs.live-website.com\/","logo":{"@type":"ImageObject","inLanguage":"en-US","@id":"https:\/\/pulsar1-rwgbe0ribs.live-website.com\/#\/schema\/logo\/image\/","url":"https:\/\/pulsar1-rwgbe0ribs.live-website.com\/wp-content\/uploads\/2024\/04\/pulsar-logo-rgb.png","contentUrl":"https:\/\/pulsar1-rwgbe0ribs.live-website.com\/wp-content\/uploads\/2024\/04\/pulsar-logo-rgb.png","width":561,"height":226,"caption":"PULSAR Medical GmbH"},"image":{"@id":"https:\/\/pulsar1-rwgbe0ribs.live-website.com\/#\/schema\/logo\/image\/"}},{"@type":"Person","@id":"https:\/\/pulsar1-rwgbe0ribs.live-website.com\/#\/schema\/person\/23113a985737f9f2a015c1282874d3e0","name":"Dr. Sabrina Zolg"}]}},"_links":{"self":[{"href":"https:\/\/pulsarmed.de\/en\/wp-json\/wp\/v2\/posts\/2569","targetHints":{"allow":["GET"]}}],"collection":[{"href":"https:\/\/pulsarmed.de\/en\/wp-json\/wp\/v2\/posts"}],"about":[{"href":"https:\/\/pulsarmed.de\/en\/wp-json\/wp\/v2\/types\/post"}],"author":[{"embeddable":true,"href":"https:\/\/pulsarmed.de\/en\/wp-json\/wp\/v2\/users\/8"}],"replies":[{"embeddable":true,"href":"https:\/\/pulsarmed.de\/en\/wp-json\/wp\/v2\/comments?post=2569"}],"version-history":[{"count":2,"href":"https:\/\/pulsarmed.de\/en\/wp-json\/wp\/v2\/posts\/2569\/revisions"}],"predecessor-version":[{"id":2991,"href":"https:\/\/pulsarmed.de\/en\/wp-json\/wp\/v2\/posts\/2569\/revisions\/2991"}],"wp:featuredmedia":[{"embeddable":true,"href":"https:\/\/pulsarmed.de\/en\/wp-json\/wp\/v2\/media\/2249"}],"wp:attachment":[{"href":"https:\/\/pulsarmed.de\/en\/wp-json\/wp\/v2\/media?parent=2569"}],"wp:term":[{"taxonomy":"category","embeddable":true,"href":"https:\/\/pulsarmed.de\/en\/wp-json\/wp\/v2\/categories?post=2569"},{"taxonomy":"post_tag","embeddable":true,"href":"https:\/\/pulsarmed.de\/en\/wp-json\/wp\/v2\/tags?post=2569"}],"curies":[{"name":"wp","href":"https:\/\/api.w.org\/{rel}","templated":true}]}}