{"id":2563,"date":"2023-10-31T15:36:12","date_gmt":"2023-10-31T14:36:12","guid":{"rendered":"https:\/\/pulsar1-rwgbe0ribs.live-website.com\/pulsar-medical-als-ausstellerin-auf-der-consozial-in-nuernberg\/"},"modified":"2023-10-31T15:36:12","modified_gmt":"2023-10-31T14:36:12","slug":"pulsar-medical-als-ausstellerin-auf-der-consozial-in-nuernberg","status":"publish","type":"post","link":"https:\/\/pulsarmed.de\/en\/pulsar-medical-als-ausstellerin-auf-der-consozial-in-nuernberg\/","title":{"rendered":"PULSAR Medical als Ausstellerin auf der ConSozial in N\u00fcrnberg"},"content":{"rendered":"<div class=\"fusion-fullwidth fullwidth-box fusion-builder-row-1 fusion-flex-container nonhundred-percent-fullwidth non-hundred-percent-height-scrolling\" style=\"--awb-border-radius-top-left:0px;--awb-border-radius-top-right:0px;--awb-border-radius-bottom-right:0px;--awb-border-radius-bottom-left:0px;--awb-flex-wrap:wrap;\" ><div class=\"fusion-builder-row fusion-row fusion-flex-align-items-flex-start fusion-flex-content-wrap\" style=\"max-width:1456px;margin-left: calc(-4% \/ 2 );margin-right: calc(-4% \/ 2 );\"><div class=\"fusion-layout-column fusion_builder_column fusion-builder-column-0 fusion_builder_column_1_2 1_2 fusion-flex-column\" style=\"--awb-bg-size:cover;--awb-width-large:50%;--awb-margin-top-large:0px;--awb-spacing-right-large:3.84%;--awb-margin-bottom-large:0px;--awb-spacing-left-large:3.84%;--awb-width-medium:50%;--awb-spacing-right-medium:3.84%;--awb-spacing-left-medium:3.84%;--awb-width-small:100%;--awb-spacing-right-small:1.92%;--awb-spacing-left-small:1.92%;\"><div class=\"fusion-column-wrapper fusion-flex-justify-content-flex-start fusion-content-layout-column\"><div class=\"fusion-text fusion-text-1\"><p>Die ConSozial ist die bedeutendste Fach- und Kongressmesse der sozialen Szene und lockt j\u00e4hrlich Fach- und F\u00fchrungskr\u00e4fte der Sozialpolitik, der Sozialwirtschaft und des Sozialwesens ins Messezentrum N\u00fcrnberg. Die Leitmesse der Sozialwirtschaft bietet innovative Produkte und L\u00f6sungsans\u00e4tze f\u00fcr Entscheider:innen sowie Akteur:innen der systemrelevanten Sozialbranche.<\/p>\n<p>Letzte Woche war es endlich so weit: PULSAR Medical goes ConSozial. Wir waren erstmalig auf der Messe vertreten und hatten einen kleinen, aber feinen Stand im Innovationspark.<\/p>\n<p>Zwei Tage lang stellten wir unser Leistungsportfolio Entscheider:innen sowie Akteur:innen der Sozialbranche vor und kamen in Kontakt mit vielen spannenden Menschen. Unser absolutes Highlight: Wir haben die grandiose M\u00f6glichkeit erhalten, einen spontanen 15-min\u00fctigen Impulsvortrag im Innovationspark zu halten. Dr. med. Barbara Heiden hat die B\u00fchne gerockt und allen Anwesenden unsere Mission n\u00e4hergebracht: Gesundheit f\u00fcr ALLE! In K\u00fcrze stellen wir unseren Vortrag als Video auf unserer Website online.<\/p>\n<p>Die vielen guten Gespr\u00e4che und neuen Kontakte, die vielf\u00e4ltigen Erfahrungen und Meinungen und das wertvolle Feedback zu unserem Leistungsportfolio haben die Messe f\u00fcr uns sehr erfolgreich gemacht.<\/p>\n<\/div><\/div><\/div><div class=\"fusion-layout-column fusion_builder_column fusion-builder-column-1 fusion_builder_column_1_2 1_2 fusion-flex-column\" style=\"--awb-bg-size:cover;--awb-width-large:50%;--awb-margin-top-large:0px;--awb-spacing-right-large:3.84%;--awb-margin-bottom-large:0px;--awb-spacing-left-large:3.84%;--awb-width-medium:50%;--awb-spacing-right-medium:3.84%;--awb-spacing-left-medium:3.84%;--awb-width-small:100%;--awb-spacing-right-small:1.92%;--awb-spacing-left-small:1.92%;\"><div class=\"fusion-column-wrapper fusion-flex-justify-content-flex-start fusion-content-layout-column\"><div class=\"fusion-image-element \" style=\"--awb-caption-title-font-family:var(--h2_typography-font-family);--awb-caption-title-font-weight:var(--h2_typography-font-weight);--awb-caption-title-font-style:var(--h2_typography-font-style);--awb-caption-title-size:var(--h2_typography-font-size);--awb-caption-title-transform:var(--h2_typography-text-transform);--awb-caption-title-line-height:var(--h2_typography-line-height);--awb-caption-title-letter-spacing:var(--h2_typography-letter-spacing);\"><span class=\" fusion-imageframe imageframe-none imageframe-1 hover-type-none\"><img decoding=\"async\" width=\"1698\" height=\"1053\" alt=\"Pulsar Medical team members posing at their booth during the ConSozial event.\" src=\"https:\/\/pulsar1-rwgbe0ribs.live-website.com\/wp-content\/uploads\/2023\/10\/consozial-1.png\" class=\"img-responsive wp-image-2254\" srcset=\"https:\/\/pulsarmed.de\/wp-content\/uploads\/2023\/10\/consozial-1-200x124.png 200w, https:\/\/pulsarmed.de\/wp-content\/uploads\/2023\/10\/consozial-1-400x248.png 400w, https:\/\/pulsarmed.de\/wp-content\/uploads\/2023\/10\/consozial-1-600x372.png 600w, https:\/\/pulsarmed.de\/wp-content\/uploads\/2023\/10\/consozial-1-800x496.png 800w, https:\/\/pulsarmed.de\/wp-content\/uploads\/2023\/10\/consozial-1-1200x744.png 1200w, https:\/\/pulsarmed.de\/wp-content\/uploads\/2023\/10\/consozial-1.png 1698w\" sizes=\"(max-width: 999px) 100vw, 800px\" \/><\/span><\/div><\/div><\/div><\/div><\/div>\n","protected":false},"excerpt":{"rendered":"<p>Letzte Woche war es endlich so weit: PULSAR Medical goes ConSozial. Wir waren erstmalig auf der Messe vertreten und hatten einen kleinen, aber feinen Stand im Innovationspark.<\/p>\n","protected":false},"author":8,"featured_media":2254,"comment_status":"closed","ping_status":"closed","sticky":false,"template":"","format":"standard","meta":{"footnotes":""},"categories":[45],"tags":[],"class_list":["post-2563","post","type-post","status-publish","format-standard","has-post-thumbnail","hentry","category-news"],"yoast_head":"<!-- This site is optimized with the Yoast SEO plugin v27.4 - https:\/\/yoast.com\/product\/yoast-seo-wordpress\/ -->\n<title>PULSAR Medical als Ausstellerin auf der ConSozial in N\u00fcrnberg - PULSAR Medical GmbH<\/title>\n<meta name=\"robots\" content=\"index, follow, max-snippet:-1, max-image-preview:large, max-video-preview:-1\" \/>\n<link rel=\"canonical\" href=\"https:\/\/pulsarmed.de\/en\/pulsar-medical-als-ausstellerin-auf-der-consozial-in-nuernberg\/\" \/>\n<meta property=\"og:locale\" content=\"en_US\" \/>\n<meta property=\"og:type\" content=\"article\" \/>\n<meta property=\"og:title\" content=\"PULSAR Medical als Ausstellerin auf der ConSozial in N\u00fcrnberg - PULSAR Medical GmbH\" \/>\n<meta property=\"og:description\" content=\"Letzte Woche war es endlich so weit: PULSAR Medical goes ConSozial. Wir waren erstmalig auf der Messe vertreten und hatten einen kleinen, aber feinen Stand im Innovationspark.\" \/>\n<meta property=\"og:url\" content=\"https:\/\/pulsarmed.de\/en\/pulsar-medical-als-ausstellerin-auf-der-consozial-in-nuernberg\/\" \/>\n<meta property=\"og:site_name\" content=\"PULSAR Medical GmbH\" \/>\n<meta property=\"article:published_time\" content=\"2023-10-31T14:36:12+00:00\" \/>\n<meta name=\"author\" content=\"Dr. Sabrina Zolg\" \/>\n<meta name=\"twitter:card\" content=\"summary_large_image\" \/>\n<meta name=\"twitter:label1\" content=\"Written by\" \/>\n\t<meta name=\"twitter:data1\" content=\"Dr. Sabrina Zolg\" \/>\n\t<meta name=\"twitter:label2\" content=\"Est. reading time\" \/>\n\t<meta name=\"twitter:data2\" content=\"4 minutes\" \/>\n<script type=\"application\/ld+json\" class=\"yoast-schema-graph\">{\"@context\":\"https:\\\/\\\/schema.org\",\"@graph\":[{\"@type\":\"Article\",\"@id\":\"https:\\\/\\\/pulsarmed.de\\\/en\\\/pulsar-medical-als-ausstellerin-auf-der-consozial-in-nuernberg\\\/#article\",\"isPartOf\":{\"@id\":\"https:\\\/\\\/pulsarmed.de\\\/en\\\/pulsar-medical-als-ausstellerin-auf-der-consozial-in-nuernberg\\\/\"},\"author\":{\"name\":\"Dr. Sabrina Zolg\",\"@id\":\"https:\\\/\\\/pulsar1-rwgbe0ribs.live-website.com\\\/#\\\/schema\\\/person\\\/23113a985737f9f2a015c1282874d3e0\"},\"headline\":\"PULSAR Medical als Ausstellerin auf der ConSozial in N\u00fcrnberg\",\"datePublished\":\"2023-10-31T14:36:12+00:00\",\"mainEntityOfPage\":{\"@id\":\"https:\\\/\\\/pulsarmed.de\\\/en\\\/pulsar-medical-als-ausstellerin-auf-der-consozial-in-nuernberg\\\/\"},\"wordCount\":739,\"publisher\":{\"@id\":\"https:\\\/\\\/pulsar1-rwgbe0ribs.live-website.com\\\/#organization\"},\"image\":{\"@id\":\"https:\\\/\\\/pulsarmed.de\\\/en\\\/pulsar-medical-als-ausstellerin-auf-der-consozial-in-nuernberg\\\/#primaryimage\"},\"thumbnailUrl\":\"https:\\\/\\\/pulsarmed.de\\\/wp-content\\\/uploads\\\/2023\\\/10\\\/consozial-1.png\",\"articleSection\":[\"News\"],\"inLanguage\":\"en-US\"},{\"@type\":\"WebPage\",\"@id\":\"https:\\\/\\\/pulsarmed.de\\\/en\\\/pulsar-medical-als-ausstellerin-auf-der-consozial-in-nuernberg\\\/\",\"url\":\"https:\\\/\\\/pulsarmed.de\\\/en\\\/pulsar-medical-als-ausstellerin-auf-der-consozial-in-nuernberg\\\/\",\"name\":\"PULSAR Medical als Ausstellerin auf der ConSozial in N\u00fcrnberg - PULSAR Medical GmbH\",\"isPartOf\":{\"@id\":\"https:\\\/\\\/pulsar1-rwgbe0ribs.live-website.com\\\/#website\"},\"primaryImageOfPage\":{\"@id\":\"https:\\\/\\\/pulsarmed.de\\\/en\\\/pulsar-medical-als-ausstellerin-auf-der-consozial-in-nuernberg\\\/#primaryimage\"},\"image\":{\"@id\":\"https:\\\/\\\/pulsarmed.de\\\/en\\\/pulsar-medical-als-ausstellerin-auf-der-consozial-in-nuernberg\\\/#primaryimage\"},\"thumbnailUrl\":\"https:\\\/\\\/pulsarmed.de\\\/wp-content\\\/uploads\\\/2023\\\/10\\\/consozial-1.png\",\"datePublished\":\"2023-10-31T14:36:12+00:00\",\"breadcrumb\":{\"@id\":\"https:\\\/\\\/pulsarmed.de\\\/en\\\/pulsar-medical-als-ausstellerin-auf-der-consozial-in-nuernberg\\\/#breadcrumb\"},\"inLanguage\":\"en-US\",\"potentialAction\":[{\"@type\":\"ReadAction\",\"target\":[\"https:\\\/\\\/pulsarmed.de\\\/en\\\/pulsar-medical-als-ausstellerin-auf-der-consozial-in-nuernberg\\\/\"]}]},{\"@type\":\"ImageObject\",\"inLanguage\":\"en-US\",\"@id\":\"https:\\\/\\\/pulsarmed.de\\\/en\\\/pulsar-medical-als-ausstellerin-auf-der-consozial-in-nuernberg\\\/#primaryimage\",\"url\":\"https:\\\/\\\/pulsarmed.de\\\/wp-content\\\/uploads\\\/2023\\\/10\\\/consozial-1.png\",\"contentUrl\":\"https:\\\/\\\/pulsarmed.de\\\/wp-content\\\/uploads\\\/2023\\\/10\\\/consozial-1.png\",\"width\":1698,\"height\":1053,\"caption\":\"Pulsar Medical team members posing at their booth during the ConSozial event.\"},{\"@type\":\"BreadcrumbList\",\"@id\":\"https:\\\/\\\/pulsarmed.de\\\/en\\\/pulsar-medical-als-ausstellerin-auf-der-consozial-in-nuernberg\\\/#breadcrumb\",\"itemListElement\":[{\"@type\":\"ListItem\",\"position\":1,\"name\":\"Home\",\"item\":\"https:\\\/\\\/pulsar1-rwgbe0ribs.live-website.com\\\/en\\\/home\\\/\"},{\"@type\":\"ListItem\",\"position\":2,\"name\":\"PULSAR Medical als Ausstellerin auf der ConSozial in N\u00fcrnberg\"}]},{\"@type\":\"WebSite\",\"@id\":\"https:\\\/\\\/pulsar1-rwgbe0ribs.live-website.com\\\/#website\",\"url\":\"https:\\\/\\\/pulsar1-rwgbe0ribs.live-website.com\\\/\",\"name\":\"PULSAR Medical GmbH\",\"description\":\"Gesundheit f\u00fcr ALLE\",\"publisher\":{\"@id\":\"https:\\\/\\\/pulsar1-rwgbe0ribs.live-website.com\\\/#organization\"},\"potentialAction\":[{\"@type\":\"SearchAction\",\"target\":{\"@type\":\"EntryPoint\",\"urlTemplate\":\"https:\\\/\\\/pulsar1-rwgbe0ribs.live-website.com\\\/?s={search_term_string}\"},\"query-input\":{\"@type\":\"PropertyValueSpecification\",\"valueRequired\":true,\"valueName\":\"search_term_string\"}}],\"inLanguage\":\"en-US\"},{\"@type\":\"Organization\",\"@id\":\"https:\\\/\\\/pulsar1-rwgbe0ribs.live-website.com\\\/#organization\",\"name\":\"PULSAR Medical GmbH\",\"url\":\"https:\\\/\\\/pulsar1-rwgbe0ribs.live-website.com\\\/\",\"logo\":{\"@type\":\"ImageObject\",\"inLanguage\":\"en-US\",\"@id\":\"https:\\\/\\\/pulsar1-rwgbe0ribs.live-website.com\\\/#\\\/schema\\\/logo\\\/image\\\/\",\"url\":\"https:\\\/\\\/pulsar1-rwgbe0ribs.live-website.com\\\/wp-content\\\/uploads\\\/2024\\\/04\\\/pulsar-logo-rgb.png\",\"contentUrl\":\"https:\\\/\\\/pulsar1-rwgbe0ribs.live-website.com\\\/wp-content\\\/uploads\\\/2024\\\/04\\\/pulsar-logo-rgb.png\",\"width\":561,\"height\":226,\"caption\":\"PULSAR Medical GmbH\"},\"image\":{\"@id\":\"https:\\\/\\\/pulsar1-rwgbe0ribs.live-website.com\\\/#\\\/schema\\\/logo\\\/image\\\/\"}},{\"@type\":\"Person\",\"@id\":\"https:\\\/\\\/pulsar1-rwgbe0ribs.live-website.com\\\/#\\\/schema\\\/person\\\/23113a985737f9f2a015c1282874d3e0\",\"name\":\"Dr. Sabrina Zolg\"}]}<\/script>\n<!-- \/ Yoast SEO plugin. -->","yoast_head_json":{"title":"PULSAR Medical als Ausstellerin auf der ConSozial in N\u00fcrnberg - PULSAR Medical GmbH","robots":{"index":"index","follow":"follow","max-snippet":"max-snippet:-1","max-image-preview":"max-image-preview:large","max-video-preview":"max-video-preview:-1"},"canonical":"https:\/\/pulsarmed.de\/en\/pulsar-medical-als-ausstellerin-auf-der-consozial-in-nuernberg\/","og_locale":"en_US","og_type":"article","og_title":"PULSAR Medical als Ausstellerin auf der ConSozial in N\u00fcrnberg - PULSAR Medical GmbH","og_description":"Letzte Woche war es endlich so weit: PULSAR Medical goes ConSozial. Wir waren erstmalig auf der Messe vertreten und hatten einen kleinen, aber feinen Stand im Innovationspark.","og_url":"https:\/\/pulsarmed.de\/en\/pulsar-medical-als-ausstellerin-auf-der-consozial-in-nuernberg\/","og_site_name":"PULSAR Medical GmbH","article_published_time":"2023-10-31T14:36:12+00:00","author":"Dr. Sabrina Zolg","twitter_card":"summary_large_image","twitter_misc":{"Written by":"Dr. Sabrina Zolg","Est. reading time":"4 minutes"},"schema":{"@context":"https:\/\/schema.org","@graph":[{"@type":"Article","@id":"https:\/\/pulsarmed.de\/en\/pulsar-medical-als-ausstellerin-auf-der-consozial-in-nuernberg\/#article","isPartOf":{"@id":"https:\/\/pulsarmed.de\/en\/pulsar-medical-als-ausstellerin-auf-der-consozial-in-nuernberg\/"},"author":{"name":"Dr. Sabrina Zolg","@id":"https:\/\/pulsar1-rwgbe0ribs.live-website.com\/#\/schema\/person\/23113a985737f9f2a015c1282874d3e0"},"headline":"PULSAR Medical als Ausstellerin auf der ConSozial in N\u00fcrnberg","datePublished":"2023-10-31T14:36:12+00:00","mainEntityOfPage":{"@id":"https:\/\/pulsarmed.de\/en\/pulsar-medical-als-ausstellerin-auf-der-consozial-in-nuernberg\/"},"wordCount":739,"publisher":{"@id":"https:\/\/pulsar1-rwgbe0ribs.live-website.com\/#organization"},"image":{"@id":"https:\/\/pulsarmed.de\/en\/pulsar-medical-als-ausstellerin-auf-der-consozial-in-nuernberg\/#primaryimage"},"thumbnailUrl":"https:\/\/pulsarmed.de\/wp-content\/uploads\/2023\/10\/consozial-1.png","articleSection":["News"],"inLanguage":"en-US"},{"@type":"WebPage","@id":"https:\/\/pulsarmed.de\/en\/pulsar-medical-als-ausstellerin-auf-der-consozial-in-nuernberg\/","url":"https:\/\/pulsarmed.de\/en\/pulsar-medical-als-ausstellerin-auf-der-consozial-in-nuernberg\/","name":"PULSAR Medical als Ausstellerin auf der ConSozial in N\u00fcrnberg - PULSAR Medical GmbH","isPartOf":{"@id":"https:\/\/pulsar1-rwgbe0ribs.live-website.com\/#website"},"primaryImageOfPage":{"@id":"https:\/\/pulsarmed.de\/en\/pulsar-medical-als-ausstellerin-auf-der-consozial-in-nuernberg\/#primaryimage"},"image":{"@id":"https:\/\/pulsarmed.de\/en\/pulsar-medical-als-ausstellerin-auf-der-consozial-in-nuernberg\/#primaryimage"},"thumbnailUrl":"https:\/\/pulsarmed.de\/wp-content\/uploads\/2023\/10\/consozial-1.png","datePublished":"2023-10-31T14:36:12+00:00","breadcrumb":{"@id":"https:\/\/pulsarmed.de\/en\/pulsar-medical-als-ausstellerin-auf-der-consozial-in-nuernberg\/#breadcrumb"},"inLanguage":"en-US","potentialAction":[{"@type":"ReadAction","target":["https:\/\/pulsarmed.de\/en\/pulsar-medical-als-ausstellerin-auf-der-consozial-in-nuernberg\/"]}]},{"@type":"ImageObject","inLanguage":"en-US","@id":"https:\/\/pulsarmed.de\/en\/pulsar-medical-als-ausstellerin-auf-der-consozial-in-nuernberg\/#primaryimage","url":"https:\/\/pulsarmed.de\/wp-content\/uploads\/2023\/10\/consozial-1.png","contentUrl":"https:\/\/pulsarmed.de\/wp-content\/uploads\/2023\/10\/consozial-1.png","width":1698,"height":1053,"caption":"Pulsar Medical team members posing at their booth during the ConSozial event."},{"@type":"BreadcrumbList","@id":"https:\/\/pulsarmed.de\/en\/pulsar-medical-als-ausstellerin-auf-der-consozial-in-nuernberg\/#breadcrumb","itemListElement":[{"@type":"ListItem","position":1,"name":"Home","item":"https:\/\/pulsar1-rwgbe0ribs.live-website.com\/en\/home\/"},{"@type":"ListItem","position":2,"name":"PULSAR Medical als Ausstellerin auf der ConSozial in N\u00fcrnberg"}]},{"@type":"WebSite","@id":"https:\/\/pulsar1-rwgbe0ribs.live-website.com\/#website","url":"https:\/\/pulsar1-rwgbe0ribs.live-website.com\/","name":"PULSAR Medical GmbH","description":"Gesundheit f\u00fcr ALLE","publisher":{"@id":"https:\/\/pulsar1-rwgbe0ribs.live-website.com\/#organization"},"potentialAction":[{"@type":"SearchAction","target":{"@type":"EntryPoint","urlTemplate":"https:\/\/pulsar1-rwgbe0ribs.live-website.com\/?s={search_term_string}"},"query-input":{"@type":"PropertyValueSpecification","valueRequired":true,"valueName":"search_term_string"}}],"inLanguage":"en-US"},{"@type":"Organization","@id":"https:\/\/pulsar1-rwgbe0ribs.live-website.com\/#organization","name":"PULSAR Medical GmbH","url":"https:\/\/pulsar1-rwgbe0ribs.live-website.com\/","logo":{"@type":"ImageObject","inLanguage":"en-US","@id":"https:\/\/pulsar1-rwgbe0ribs.live-website.com\/#\/schema\/logo\/image\/","url":"https:\/\/pulsar1-rwgbe0ribs.live-website.com\/wp-content\/uploads\/2024\/04\/pulsar-logo-rgb.png","contentUrl":"https:\/\/pulsar1-rwgbe0ribs.live-website.com\/wp-content\/uploads\/2024\/04\/pulsar-logo-rgb.png","width":561,"height":226,"caption":"PULSAR Medical GmbH"},"image":{"@id":"https:\/\/pulsar1-rwgbe0ribs.live-website.com\/#\/schema\/logo\/image\/"}},{"@type":"Person","@id":"https:\/\/pulsar1-rwgbe0ribs.live-website.com\/#\/schema\/person\/23113a985737f9f2a015c1282874d3e0","name":"Dr. Sabrina Zolg"}]}},"_links":{"self":[{"href":"https:\/\/pulsarmed.de\/en\/wp-json\/wp\/v2\/posts\/2563","targetHints":{"allow":["GET"]}}],"collection":[{"href":"https:\/\/pulsarmed.de\/en\/wp-json\/wp\/v2\/posts"}],"about":[{"href":"https:\/\/pulsarmed.de\/en\/wp-json\/wp\/v2\/types\/post"}],"author":[{"embeddable":true,"href":"https:\/\/pulsarmed.de\/en\/wp-json\/wp\/v2\/users\/8"}],"replies":[{"embeddable":true,"href":"https:\/\/pulsarmed.de\/en\/wp-json\/wp\/v2\/comments?post=2563"}],"version-history":[{"count":0,"href":"https:\/\/pulsarmed.de\/en\/wp-json\/wp\/v2\/posts\/2563\/revisions"}],"wp:featuredmedia":[{"embeddable":true,"href":"https:\/\/pulsarmed.de\/en\/wp-json\/wp\/v2\/media\/2254"}],"wp:attachment":[{"href":"https:\/\/pulsarmed.de\/en\/wp-json\/wp\/v2\/media?parent=2563"}],"wp:term":[{"taxonomy":"category","embeddable":true,"href":"https:\/\/pulsarmed.de\/en\/wp-json\/wp\/v2\/categories?post=2563"},{"taxonomy":"post_tag","embeddable":true,"href":"https:\/\/pulsarmed.de\/en\/wp-json\/wp\/v2\/tags?post=2563"}],"curies":[{"name":"wp","href":"https:\/\/api.w.org\/{rel}","templated":true}]}}